{"id":324289,"date":"2025-08-17T06:08:14","date_gmt":"2025-08-17T06:08:14","guid":{"rendered":"https:\/\/www.europesays.com\/fr\/324289\/"},"modified":"2025-08-17T06:08:14","modified_gmt":"2025-08-17T06:08:14","slug":"un-joueur-de-classe-mondiale-a-marseille-lom-annonce-deux-chefs-doeuvre","status":"publish","type":"post","link":"https:\/\/www.europesays.com\/fr\/324289\/","title":{"rendered":"Un joueur de \u00abclasse mondiale\u00bb \u00e0 Marseille, l&rsquo;OM annonce deux chefs-d&rsquo;\u0153uvre ?"},"content":{"rendered":"<p>Thomas Bourseau<\/p>\n<p>                        &#8211;<\/p>\n<p>R\u00e9dacteur<\/p>\n<p>F\u00e9ru de sport, Thomas a grandi entre le ballon rond du football et le orange du basket, ses deux coups de c\u0153ur depuis toujours. Dipl\u00f4m\u00e9 d\u2019un Master et d\u2019une Licence \u00e0 l\u2019Institut Europ\u00e9en du Journalisme de Paris, il suit toujours de tr\u00e8s pr\u00e8s les aventures d\u2019Arsenal et des Los Angeles Lakers.<\/p>\n<p class=\"heading\">International fran\u00e7ais pass\u00e9 par le PSG et la Juventus, Adrien Rabiot est tout bonnement un \u00ab joueur de classe mondiale \u00bb selon Medhi Benatia. Arriv\u00e9 libre en 2024, Rabiot a inspir\u00e9 Angel Gomes et CJ Egan-Riley \u00e0 s&rsquo;engager en faveur de l&rsquo;OM sous les m\u00eames modalit\u00e9s. Deux coups qui pourraient se rapprocher du chef-d&rsquo;oeuvre pour Benatia bien qu&rsquo;il n&rsquo;ait pas valid\u00e9 cette expression. Explications. <\/p>\n<p>En septembre 2024, tout le monde \u00e9tait sous le choc \u00e0 Marseille. Enfant de l&rsquo;acad\u00e9mie du <strong>PSG <\/strong>o\u00f9 il \u00e9tait sous contrat avec l&rsquo;\u00e9quipe premi\u00e8re du <strong>Paris Saint<\/strong>&#8211;<strong>Germain <\/strong>entre 2012 et 2019, <strong>Adrien Rabiot <\/strong>d\u00e9cidait de signer en tant qu&rsquo;agent libre \u00e0 l&rsquo;<strong>Olympique de Marseille<\/strong>. Et ce, gr\u00e2ce au fait que <strong>Medhi Benatia<\/strong>, conseiller sportif de l<strong>&lsquo;OM <\/strong>\u00e0 l&rsquo;\u00e9poque, se soit mis en quatre pour attirer l&rsquo;ex-milieu de terrain de la <strong>Juventus <\/strong>dans la cit\u00e9 phoc\u00e9enne. <\/p>\n<p>                                            \u00abAdrien Rabiot est pour le coup un joueur de classe mondiale\u00bb<\/p>\n<p>Un an plus tard, deux nouveaux joueurs sont arriv\u00e9s \u00e0 l<a href=\"https:\/\/le10sport.com\/football\/ligue1\/om\/mercato-ca-me-fais-cher-il-balance-apres-son-depart-de-lom-754464\" rel=\"nofollow noopener\" target=\"_blank\">&lsquo;OM<\/a> comme \u00e9tant libres \u00e0 l&rsquo;instar d&rsquo;<strong>Adrien Rabiot<\/strong> avant eux. Invit\u00e9 \u00e0 s&rsquo;exprimer sur les cas <strong>Angel Gomes <\/strong>et <strong>CJ Egan<\/strong>&#8211;<strong>Riley <\/strong>sur Ligue 1+, <strong>Medhi Benatia <\/strong>a adress\u00e9 un message \u00e0 l&rsquo;international fran\u00e7ais qui devrait lui plaire vendredi soir. \u00ab Gomes et Egan-Riley ? Je ne sais pas si ce sont des chefs-d&rsquo;\u0153uvre. Sur des joueurs libres, c&rsquo;est s\u00fbr que c&rsquo;est diff\u00e9rent parce que tu dois anticiper, \u00eatre convaincant. Quand le joueur co\u00fbte 30M\u20ac, tu sais qu&rsquo;il faut aller, payer et derri\u00e8re c&rsquo;est celui qui a l&rsquo;argent qui repart avec le joueur. Sur un joueur libre, comme \u00e7a a \u00e9t\u00e9 le cas avec Adrien Rabiot l&rsquo;ann\u00e9e derni\u00e8re qui est pour le coup un joueur de classe mondiale, avec le petit Riley et le petit Angel, c&rsquo;\u00e9tait un travail de tout le club \u00bb. <\/p>\n<p>                                            \u00abGomes et Egan-Riley ? Le coach est tr\u00e8s content de leurs apports et nous aussi\u00bb<\/p>\n<p>\u00ab On a commenc\u00e9 tr\u00e8s t\u00f4t. C&rsquo;\u00e9tait des joueurs qui sont arriv\u00e9s libres, mais pas gratuits, avec une super mentalit\u00e9. Le coach est tr\u00e8s content de leurs apports et nous aussi. Il faut continuer et bien les encadrer, je pense qu&rsquo;ils vont nous donner des bonnes choses cette saison \u00bb. a conclu le directeur du football de l<strong>&lsquo;OM<\/strong> avant la d\u00e9faite de l&rsquo;\u00e9quipe de <strong>Roberto De Zerb<\/strong>i face \u00e0 <strong>Rennes <\/strong>vendredi soir (1-0). <\/p>\n","protected":false},"excerpt":{"rendered":"Thomas Bourseau &#8211; R\u00e9dacteur F\u00e9ru de sport, Thomas a grandi entre le ballon rond du football et le&hellip;\n","protected":false},"author":2,"featured_media":324290,"comment_status":"","ping_status":"","sticky":false,"template":"","format":"standard","meta":{"footnotes":""},"categories":[2814],"tags":[1111,11,1777,674,1011,27,884,12,882,25],"class_list":{"0":"post-324289","1":"post","2":"type-post","3":"status-publish","4":"format-standard","5":"has-post-thumbnail","7":"category-marseille","8":"tag-actu","9":"tag-actualites","10":"tag-eu","11":"tag-europe","12":"tag-fr","13":"tag-france","14":"tag-marseille","15":"tag-news","16":"tag-provence-alpes-cote-dazur","17":"tag-republique-francaise"},"share_on_mastodon":{"url":"https:\/\/pubeurope.com\/@fr\/115042615588679786","error":""},"_links":{"self":[{"href":"https:\/\/www.europesays.com\/fr\/wp-json\/wp\/v2\/posts\/324289","targetHints":{"allow":["GET"]}}],"collection":[{"href":"https:\/\/www.europesays.com\/fr\/wp-json\/wp\/v2\/posts"}],"about":[{"href":"https:\/\/www.europesays.com\/fr\/wp-json\/wp\/v2\/types\/post"}],"author":[{"embeddable":true,"href":"https:\/\/www.europesays.com\/fr\/wp-json\/wp\/v2\/users\/2"}],"replies":[{"embeddable":true,"href":"https:\/\/www.europesays.com\/fr\/wp-json\/wp\/v2\/comments?post=324289"}],"version-history":[{"count":0,"href":"https:\/\/www.europesays.com\/fr\/wp-json\/wp\/v2\/posts\/324289\/revisions"}],"wp:featuredmedia":[{"embeddable":true,"href":"https:\/\/www.europesays.com\/fr\/wp-json\/wp\/v2\/media\/324290"}],"wp:attachment":[{"href":"https:\/\/www.europesays.com\/fr\/wp-json\/wp\/v2\/media?parent=324289"}],"wp:term":[{"taxonomy":"category","embeddable":true,"href":"https:\/\/www.europesays.com\/fr\/wp-json\/wp\/v2\/categories?post=324289"},{"taxonomy":"post_tag","embeddable":true,"href":"https:\/\/www.europesays.com\/fr\/wp-json\/wp\/v2\/tags?post=324289"}],"curies":[{"name":"wp","href":"https:\/\/api.w.org\/{rel}","templated":true}]}}