{"id":32429,"date":"2025-04-17T20:25:29","date_gmt":"2025-04-17T20:25:29","guid":{"rendered":"https:\/\/www.europesays.com\/fr\/32429\/"},"modified":"2025-04-17T20:25:29","modified_gmt":"2025-04-17T20:25:29","slug":"plusieurs-prisons-visees-par-des-incendies-de-vehicules-celle-de-toulon-ciblee-par-des-tirs-darmes-automatiques","status":"publish","type":"post","link":"https:\/\/www.europesays.com\/fr\/32429\/","title":{"rendered":"Plusieurs prisons vis\u00e9es par des incendies de v\u00e9hicules, celle de Toulon cibl\u00e9e par des tirs d&rsquo;armes automatiques"},"content":{"rendered":"<p class=\"article-p mdl\">Dans la nuit du 14 au 15 avril,\u00a0<strong>les centres p\u00e9nitentiaires d\u2019Aix-Luynes, Villepinte, Nanterre et Valence<\/strong>\u00a0ont fait l&rsquo;objet d&rsquo;incendies de v\u00e9hicules et celui de Toulon-La Farl\u00e8de a \u00e9t\u00e9 vis\u00e9 par des tirs \u00e0 l&rsquo;arme automatique, a indiqu\u00e9 l&rsquo;entourage du garde des Sceaux.\u00a0<\/p>\n<p class=\"article-p mdl\"><a class=\"link\" href=\"https:\/\/www.rtl.fr\/actu\/justice-faits-divers\/prisons-je-construis-deux-fois-moins-cher-et-trois-fois-plus-vite-assure-gerald-darmanin-sur-rtl-7900494403\" title=\"Prisons : &quot;Je construis deux fois moins cher et trois fois plus vite&quot;, assure G\u00e9rald Darmanin sur RTL\" target=\"_blank\" rel=\"noopener\">G\u00e9rald Darmanin\u00a0<\/a>doit se rendre dans l&rsquo;apr\u00e8s-midi au centre p\u00e9nitentiaire de Toulon pour apporter son soutien aux agents sur place. Selon une source proche du dossier, \u00ab\u00a0<strong>tout cela semble coordonn\u00e9<\/strong> et manifestement en lien avec la strat\u00e9gie contre le narcobanditisme du ministre\u00a0\u00bb.<\/p>\n<p class=\"article-p mdl\"><strong>Selon un communiqu\u00e9 du syndicat p\u00e9nitentiaire FO Justice<\/strong>, \u00ab\u00a0des v\u00e9hicules ont \u00e9t\u00e9 br\u00fbl\u00e9s, des portes d&rsquo;entr\u00e9e incendi\u00e9es et m\u00eame vis\u00e9es par des tirs d&rsquo;armes lourdes\u00a0\u00bb. Au centre p\u00e9nitentiaire de Toulon-La Farl\u00e8de (Var), 15 impacts ont \u00e9t\u00e9 relev\u00e9s sur la porte de l&rsquo;\u00e9tablissement apr\u00e8s une \u00ab\u00a0attaque \u00e0 l&rsquo;arme lourde, de type Kalachnikov\u00a0\u00bb, a affirm\u00e9 FO Justice sur X.<\/p>\n<p class=\"article-p mdl\">Trois v\u00e9hicules, dont deux appartenant \u00e0 des agents p\u00e9nitentiaires, ont \u00e9t\u00e9 incendi\u00e9s lundi soir sur le parking de la maison d&rsquo;arr\u00eat de Villepinte (Seine-Saint-Denis), selon une source polici\u00e8re. Les images de vid\u00e9osurveillance ont permis de voir que <strong>les deux auteurs ont p\u00e9n\u00e9tr\u00e9 dans l&rsquo;enceinte en passant par une butte de terre<\/strong>, incendiant chacun un v\u00e9hicule, le troisi\u00e8me a \u00e9t\u00e9 atteint par propagation.\u00a0<\/p>\n<p>            \u00ab\u00a0Une attaque frontale contre notre institution\u00a0\u00bb<\/p>\n<p class=\"article-p mdl\">Selon une autre source polici\u00e8re, les \u00e9tablissements de Nanterre (Hauts-de-Seine), Aix-Luynes (Bouches-du-Rh\u00f4ne) et Valence (Dr\u00f4me) ont aussi \u00e9t\u00e9 touch\u00e9s par des incendies de v\u00e9hicules, <strong>dont certains avaient pr\u00e9alablement \u00e9t\u00e9 tagu\u00e9s.<\/strong><\/p>\n<p class=\"article-p mdl\">Au centre p\u00e9nitentiaire <strong>d&rsquo;Aix-Luynes<\/strong>, deux v\u00e9hicules ont \u00e9t\u00e9 incendi\u00e9s, \u00ab\u00a0ainsi que le portail de l&rsquo;Eris (Equipe r\u00e9gionale d&rsquo;intervention et de s\u00e9curit\u00e9) vis\u00e9 directement\u00a0\u00bb, selon la m\u00eame source.<br \/>Dans la nuit de dimanche \u00e0 lundi, des incendies ont aussi touch\u00e9 le parking de l&rsquo;\u00c9cole nationale de l&rsquo;administration p\u00e9nitentiaire (Enap) et le centre p\u00e9nitentiaire de R\u00e9au (Seine-et-Marne), selon plusieurs sources proches du dossier.<\/p>\n<p class=\"article-p mdl\">\u00ab\u00a0Ces actes criminels sont <strong>une attaque frontale contre notre institution,<\/strong> contre la R\u00e9publique et contre les agents qui la servent au quotidien\u00a0\u00bb, a d\u00e9nonc\u00e9 FO Justice, exigeant \u00ab\u00a0une r\u00e9ponse forte, imm\u00e9diate et sans ambigu\u00eft\u00e9 de l&rsquo;\u00c9tat\u00a0\u00bb.<\/p>\n<p class=\"article-p mdl\"><strong>\u00ab\u00a0On attend une action coordonn\u00e9e par les ministres de la Justice et de l&rsquo;Int\u00e9rieur\u00a0\u00bb,<\/strong> a de son c\u00f4t\u00e9 d\u00e9clar\u00e9 \u00e0 l&rsquo;AFP\u00a0<a class=\"link\" href=\"https:\/\/www.rtl.fr\/actu\/justice-faits-divers\/places-de-prison-en-prefabrique-wilfried-fonck-met-en-garde-contre-une-operation-blanche-sur-rtl-7900494307\" title=\"Places de prison en pr\u00e9fabriqu\u00e9 : Wilfried Fonck met en garde contre &quot;une op\u00e9ration blanche&quot; sur RTL\" target=\"_blank\" rel=\"noopener\">Wilfried Fonck, secr\u00e9taire national de l&rsquo;Ufap Unsa Justice<\/a>, soulignant que l&rsquo;administration p\u00e9nitentiaire n&rsquo;avait \u00ab\u00a0pas les forces humaines pour assurer la s\u00e9curisation aux abords des \u00e9tablissements 24 heures sur 24\u00a0\u00bb.<\/p>\n<p class=\"article-p mdl\">Dans la nuit du dimanche 13 au lundi 14 avril,\u00a0des incendies de v\u00e9hicules s&rsquo;\u00e9taient d\u00e9j\u00e0 produits \u00e0 la prison de N\u00eemes\u00a0et \u00e0 l&rsquo;\u00c9cole nationale de l&rsquo;administration p\u00e9nitentiaire, \u00e0 Agen, selon les informations de RTL.<\/p>\n<p>    La r\u00e9daction vous recommande<\/p>\n<p class=\"s-newsletter__title\">\n                L\u2019actualit\u00e9 par la r\u00e9daction de RTL dans votre bo\u00eete mail.\n            <\/p>\n<p class=\"s-newsletter__subtitle\">\n                Gr\u00e2ce \u00e0 votre compte RTL abonnez-vous \u00e0 la newsletter RTL info pour suivre toute l&rsquo;actualit\u00e9 au quotidien\n            <\/p>\n<p>\n                                    Lire la suite\n                                <\/p>\n","protected":false},"excerpt":{"rendered":"Dans la nuit du 14 au 15 avril,\u00a0les centres p\u00e9nitentiaires d\u2019Aix-Luynes, Villepinte, Nanterre et Valence\u00a0ont fait l&rsquo;objet d&rsquo;incendies&hellip;\n","protected":false},"author":2,"featured_media":32430,"comment_status":"","ping_status":"","sticky":false,"template":"","format":"standard","meta":{"footnotes":""},"categories":[9619],"tags":[1111,11,898,1777,674,118,107,1011,27,12,899,882,25,2310],"class_list":{"0":"post-32429","1":"post","2":"type-post","3":"status-publish","4":"format-standard","5":"has-post-thumbnail","7":"category-toulon","8":"tag-actu","9":"tag-actualites","10":"tag-alerte","11":"tag-eu","12":"tag-europe","13":"tag-faits-divers","14":"tag-fil-info","15":"tag-fr","16":"tag-france","17":"tag-news","18":"tag-prisons","19":"tag-provence-alpes-cote-dazur","20":"tag-republique-francaise","21":"tag-toulon"},"share_on_mastodon":{"url":"https:\/\/pubeurope.com\/@fr\/114355183617346885","error":""},"_links":{"self":[{"href":"https:\/\/www.europesays.com\/fr\/wp-json\/wp\/v2\/posts\/32429","targetHints":{"allow":["GET"]}}],"collection":[{"href":"https:\/\/www.europesays.com\/fr\/wp-json\/wp\/v2\/posts"}],"about":[{"href":"https:\/\/www.europesays.com\/fr\/wp-json\/wp\/v2\/types\/post"}],"author":[{"embeddable":true,"href":"https:\/\/www.europesays.com\/fr\/wp-json\/wp\/v2\/users\/2"}],"replies":[{"embeddable":true,"href":"https:\/\/www.europesays.com\/fr\/wp-json\/wp\/v2\/comments?post=32429"}],"version-history":[{"count":0,"href":"https:\/\/www.europesays.com\/fr\/wp-json\/wp\/v2\/posts\/32429\/revisions"}],"wp:featuredmedia":[{"embeddable":true,"href":"https:\/\/www.europesays.com\/fr\/wp-json\/wp\/v2\/media\/32430"}],"wp:attachment":[{"href":"https:\/\/www.europesays.com\/fr\/wp-json\/wp\/v2\/media?parent=32429"}],"wp:term":[{"taxonomy":"category","embeddable":true,"href":"https:\/\/www.europesays.com\/fr\/wp-json\/wp\/v2\/categories?post=32429"},{"taxonomy":"post_tag","embeddable":true,"href":"https:\/\/www.europesays.com\/fr\/wp-json\/wp\/v2\/tags?post=32429"}],"curies":[{"name":"wp","href":"https:\/\/api.w.org\/{rel}","templated":true}]}}