{"id":324291,"date":"2025-08-17T06:09:11","date_gmt":"2025-08-17T06:09:11","guid":{"rendered":"https:\/\/www.europesays.com\/fr\/324291\/"},"modified":"2025-08-17T06:09:11","modified_gmt":"2025-08-17T06:09:11","slug":"lyon-une-fissure-sur-le-mur-dun-immeuble-symbolique-inquiete-laffaire-rebondit-en-justice","status":"publish","type":"post","link":"https:\/\/www.europesays.com\/fr\/324291\/","title":{"rendered":"Lyon. Une fissure sur le mur d&rsquo;un immeuble symbolique inqui\u00e8te, l&rsquo;affaire rebondit en justice"},"content":{"rendered":"<p>            Par<br \/>\n        <strong><br \/>\n            <a href=\"https:\/\/actu.fr\/auteur\/nicolas-zaugra\" title=\"Consulter tous les articles de Nicolas Zaugra\" rel=\"nofollow noopener\" target=\"_blank\">Nicolas Zaugra<\/a><br \/>\n        <\/strong><\/p>\n<p>        Publi\u00e9 le<\/p>\n<p>            17 ao\u00fbt 2025 \u00e0 7h12        <\/p>\n<p><strong>INFO ACTU LYON<\/strong>. En mars dernier, on apprenait qu\u2019un arr\u00eat\u00e9 de p\u00e9ril avait \u00e9t\u00e9 sign\u00e9 par la Ville de <a href=\"https:\/\/actu.fr\/auvergne-rhone-alpes\/lyon_69123\" rel=\"nofollow noopener\" target=\"_blank\">Lyon<\/a> en novembre 2024 pour <strong>une pile routi\u00e8re d\u2019acc\u00e8s au tunnel de Fourvi\u00e8re qui se fissure<\/strong>. Un bloc de b\u00e9ton coll\u00e9 \u00e0 un immeuble de bureaux situ\u00e9 au 40-41 quai Fulchiron juste derri\u00e8re l\u2019\u00e9changeur de Perrache, dans le 5e arrondissement. <br \/>Le syndic de copropri\u00e9t\u00e9 de l\u2019immeuble avait saisi le tribunal administratif pour demander \u00e0 la M\u00e9tropole, responsable de la voirie et en charge de l\u2019entretien du tunnel, de r\u00e9parer la pile du pont et \u00e0 la Ville de Lyon de s\u00e9curiser davantage le secteur. Le tribunal a rendu son jugement en estimant d\u2019ailleurs que la fissure appara\u00eet sur un mur priv\u00e9, apprend actu Lyon ce mois d\u2019ao\u00fbt.<\/p>\n<p>Une fissure importante visible<\/p>\n<p class=\" wall-content\">Des barri\u00e8res sont install\u00e9es depuis des mois sur un trottoir de la rue de la Quarantaine juste devant l\u2019immeuble pour emp\u00eacher les pi\u00e9tons de marcher sur quelques dizaines de m\u00e8tres. Au printemps, <a href=\"https:\/\/tribunedelyon.fr\/urbanisme-immobilier\/lyon-5e-une-pile-de-la-rocade-dacces-au-tunnel-de-fourviere-se-fissure-la-justice-saisie\/?tblci=GiChadSWYVcyzR38seF-igfXWdSGgPXWBj9PMYxhx65XWSCJ-Egoz8yw0PPgrJTsAQ\" rel=\"nofollow noopener\" target=\"_blank\">Tribune de Lyon<\/a> informait qu\u2019un mur coll\u00e9 au pilier en b\u00e9ton de la bretelle d\u2019acc\u00e8s \u00e0 la M6 et au tunnel de Fourvi\u00e8re, qui passe en plein milieu de ce dr\u00f4le d\u2019immeuble, se fissurait (notre photo).<\/p>\n<p class=\" wall-content\">\u00ab\u00a0La fissure au niveau du mur en bloc de b\u00e9ton est avanc\u00e9e, le risque de chute de morceaux sur la voie publique est \u00e9lev\u00e9\u00a0\u00bb, notait un rapport command\u00e9 par le syndic de l\u2019immeuble, propri\u00e9t\u00e9 de VSA Property. Dans le b\u00e2timent sont log\u00e9s une vingtaine d\u2019entreprises en tout genre, mais aussi un gymnase municipal et des vestiges de la basilique Saint-Laurent conserv\u00e9s et visibles derri\u00e8re des vitres.<\/p>\n<p>    <img   decoding=\"async\" loading=\"lazy\" src=\"https:\/\/www.europesays.com\/fr\/wp-content\/uploads\/2025\/08\/fissure-immeuble-lyon-960x640.jpg\" alt=\"Une fissure visible sur le pilier en b\u00e9ton de la bretelle routi\u00e8re. \" width=\"960\" height=\"640\"\/><br \/>\n    Une fissure visible sur le pilier en b\u00e9ton de la bretelle routi\u00e8re. (\u00a9Nicolas Zaugra\/ actu Lyon)<br \/>\n    <a href=\"https:\/\/www.google.com\/maps\/embed?pb=!1m18!1m12!1m3!1d1365.0809927145885!2d4.821137660172705!3d45.752139624372845!2m3!1f0!2f0!3f0!3m2!1i1024!2i768!4f13.1!3m3!1m2!1s0x47f4ebb17a3b145f%3A0xf99d6e45abe8b68f!2s40%20Quai%20Fulchiron%2C%2069005%20Lyon!5e1!3m2!1sfr!2sfr!4v1755091456602!5m2!1sfr!2sfr\" title=\"Ouvrie le lien\" rel=\"nofollow noopener\" target=\"_blank\">Cliquez ici pour visualiser le contenu<\/a><\/p>\n<p>Les propri\u00e9taires attaquent la M\u00e9tropole en justice et perdent<\/p>\n<p class=\" wall-content\">Jugeant l\u2019audit s\u00e9curitaire sans fondement juridique et estimant que l\u2019arr\u00eat\u00e9 de p\u00e9ril de la municipalit\u00e9 et les quelques barri\u00e8res install\u00e9es insuffisantes, les copropri\u00e9taires de l\u2019immeuble ont d\u00e9cid\u00e9 de saisir la justice administrative. Dans leur viseur, la M\u00e9tropole de Lyon. Ils craignaient notamment un risque d\u2019effondrement.<\/p>\n<p class=\" wall-content\">Selon nos informations, le tribunal a douch\u00e9 les espoirs des propri\u00e9taires en donnant raison \u00e0 la M\u00e9tropole. \u00ab\u00a0L\u2019ordonnance du juge administratif en date du 8 avril 2025 a rejet\u00e9 l\u2019int\u00e9gralit\u00e9 des demandes du Syndicat des copropri\u00e9taires\u00a0\u00bb, nous annonce la M\u00e9tropole.<\/p>\n<p class=\" wall-content\">La justice estime \u00ab\u00a0qu\u2019il n\u2019y avait aucune urgence identifi\u00e9e, la fissure touchant le mur de fa\u00e7ade de l\u2019immeuble \u00e9tant ancienne et n\u2019ayant pas \u00e9volu\u00e9e depuis une quinzaine d\u2019ann\u00e9e.\u00a0\u00bb<\/p>\n<p class=\" wall-content\">\u00ab\u00a0Le dernier rapport d\u2019inspection, r\u00e9alis\u00e9e en 2023 sur la base de l\u2019Instruction Technique pour la Surveillance et l\u2019Entretien des Ouvrages d\u2019Art, n\u2019identifie aucun risque ni travaux \u00e0 r\u00e9aliser en urgence, notamment sur la pile-cul\u00e9e soutenant la bretelle Kitchener, permettant d\u2019acc\u00e9der au tunnel sous Fourvi\u00e8re\u00a0\u00bb, ajoute la collectivit\u00e9.\u00a0<\/p>\n<p class=\" wall-content\"><strong>\u00ab\u00a0Le mur pr\u00e9sentant une fissure n\u2019appartient pas \u00e0 la M\u00e9tropole (ni \u00e0 la Ville)\u00a0\u00bb<\/strong>, ce qui oblige une intervention des propri\u00e9taires de l\u2019immeuble, note \u00e9galement le tribunal.<\/p>\n<p class=\" wall-content\">Suivez toute l\u2019actualit\u00e9 de vos villes et m\u00e9dias favoris en vous inscrivant \u00e0 <a href=\"https:\/\/moncompte.actu.fr\" title=\"D\u00e9couvez Mon Actu\" rel=\"nofollow noopener\" data-trk=\"{&quot;cta&quot;:{&quot;action&quot;:&quot;https:\\\/\\\/moncompte.actu.fr&quot;,&quot;category&quot;:&quot;mon compte&quot;,&quot;from&quot;:&quot;article footer&quot;,&quot;name&quot;:&quot;Mon actu&quot;,&quot;type&quot;:&quot;cta&quot;}}\" target=\"_blank\">Mon Actu<\/a>.<\/p>\n","protected":false},"excerpt":{"rendered":"Par Nicolas Zaugra Publi\u00e9 le 17 ao\u00fbt 2025 \u00e0 7h12 INFO ACTU LYON. En mars dernier, on apprenait&hellip;\n","protected":false},"author":2,"featured_media":324292,"comment_status":"","ping_status":"","sticky":false,"template":"","format":"standard","meta":{"footnotes":""},"categories":[1889],"tags":[1111,11,2430,1777,674,1011,27,303,2428,12,25,104,1352],"class_list":{"0":"post-324291","1":"post","2":"type-post","3":"status-publish","4":"format-standard","5":"has-post-thumbnail","7":"category-lyon","8":"tag-actu","9":"tag-actualites","10":"tag-auvergne-rhone-alpes","11":"tag-eu","12":"tag-europe","13":"tag-fr","14":"tag-france","15":"tag-justice","16":"tag-lyon","17":"tag-news","18":"tag-republique-francaise","19":"tag-societe","20":"tag-urbanisme"},"share_on_mastodon":{"url":"https:\/\/pubeurope.com\/@fr\/115042619525237243","error":""},"_links":{"self":[{"href":"https:\/\/www.europesays.com\/fr\/wp-json\/wp\/v2\/posts\/324291","targetHints":{"allow":["GET"]}}],"collection":[{"href":"https:\/\/www.europesays.com\/fr\/wp-json\/wp\/v2\/posts"}],"about":[{"href":"https:\/\/www.europesays.com\/fr\/wp-json\/wp\/v2\/types\/post"}],"author":[{"embeddable":true,"href":"https:\/\/www.europesays.com\/fr\/wp-json\/wp\/v2\/users\/2"}],"replies":[{"embeddable":true,"href":"https:\/\/www.europesays.com\/fr\/wp-json\/wp\/v2\/comments?post=324291"}],"version-history":[{"count":0,"href":"https:\/\/www.europesays.com\/fr\/wp-json\/wp\/v2\/posts\/324291\/revisions"}],"wp:featuredmedia":[{"embeddable":true,"href":"https:\/\/www.europesays.com\/fr\/wp-json\/wp\/v2\/media\/324292"}],"wp:attachment":[{"href":"https:\/\/www.europesays.com\/fr\/wp-json\/wp\/v2\/media?parent=324291"}],"wp:term":[{"taxonomy":"category","embeddable":true,"href":"https:\/\/www.europesays.com\/fr\/wp-json\/wp\/v2\/categories?post=324291"},{"taxonomy":"post_tag","embeddable":true,"href":"https:\/\/www.europesays.com\/fr\/wp-json\/wp\/v2\/tags?post=324291"}],"curies":[{"name":"wp","href":"https:\/\/api.w.org\/{rel}","templated":true}]}}