{"id":324295,"date":"2025-08-17T06:13:12","date_gmt":"2025-08-17T06:13:12","guid":{"rendered":"https:\/\/www.europesays.com\/fr\/324295\/"},"modified":"2025-08-17T06:13:12","modified_gmt":"2025-08-17T06:13:12","slug":"pourquoi-laffiche-entre-nantes-et-le-psg-est-elle-diffusee-en-clair","status":"publish","type":"post","link":"https:\/\/www.europesays.com\/fr\/324295\/","title":{"rendered":"pourquoi l&rsquo;affiche entre Nantes et le PSG est-elle diffus\u00e9e en clair ?"},"content":{"rendered":"<p class=\"c-chapo \">\n  Tous les t\u00e9l\u00e9spectateurs pourront regarder le dernier match de la premi\u00e8re journ\u00e9e entre Canaris et Parisiens, dimanche soir.\n<\/p>\n<p>            lire plus tard<\/p>\n<p id=\"dialog__title\" class=\"dialog__title\">Pour sauvegarder cet article, connectez-vous ou cr\u00e9ez un compte franceinfo<\/p>\n<p class=\"dialog__description\">Sans paiement. Sans abonnement.<\/p>\n<p>        Fermer la fen\u00eatre d\u2019activation des notifications France Info<\/p>\n<p>            cr\u00e9er votre compte<\/p>\n<p>            se connecter<\/p>\n<p>        Fermer la fen\u00eatre de pr\u00e9sentation<\/p>\n<p>    <img loading=\"lazy\" decoding=\"async\" class=\"signature__image lazyload\" width=\"100\" height=\"100\" data- alt=\"\" src=\"https:\/\/www.europesays.com\/fr\/wp-content\/uploads\/2025\/05\/logosport1-65fdc209c3726464026706.png\"\/><\/p>\n<p>          France T\u00e9l\u00e9visions &#8211; R\u00e9daction Sport<\/p>\n<p>    Publi\u00e9 le 17\/08\/2025 06:30<\/p>\n<p>        Temps de lecture : 1min<\/p>\n<p>    <img decoding=\"async\"  alt=\"Le Nantais Johann Lepenant face aux Parisiens Nuno Mendes et Fabian Ruiz lors du match de Ligue 1 entre les deux \u00e9quipes, le 30 novembre 2024, au Parc des Princes. (AFP)\" width=\"432\" height=\"243\" src=\"https:\/\/www.europesays.com\/fr\/wp-content\/uploads\/2025\/08\/066-dppi-40024087-004-68765ec7239f6080917384.jpg\" fetchpriority=\"high\"\/><\/p>\n<p>      Le Nantais Johann Lepenant face aux Parisiens Nuno Mendes et Fabian Ruiz lors du match de Ligue 1 entre les deux \u00e9quipes, le 30 novembre 2024, au Parc des Princes. (AFP)<\/p>\n<p>Coup de projecteur sur la premi\u00e8re affiche de la saison, diffus\u00e9e en clair. Apr\u00e8s huit premi\u00e8res rencontres diffus\u00e9es sur Ligue 1+ et beIN sports dans le week-end, les amateurs de la Ligue 1 vont pouvoir regarder sans restriction <a href=\"https:\/\/www.franceinfo.fr\/sports\/foot\/ligue-1\/ligue-1-un-classique-entre-psg-et-om-en-septembre-le-premier-derby-de-paris-en-janvier-l-ol-integre-sous-reserve-le-calendrier-de-la-saison-2025-2026-devoile_7341153.html\" rel=\"nofollow noopener\" target=\"_blank\">la premi\u00e8re affiche de la saison 2025-2026<\/a> entre le FC Nantes et le Paris Saint-Germain, dimanche 17 ao\u00fbt, au stade de La Beaujoire en cl\u00f4ture de la premi\u00e8re journ\u00e9e, sur la nouvelle plateforme de la Ligue de football professionnel (LFP).<\/p>\n<p>Lors de la pr\u00e9sentation de ladite plateforme, d\u00e9but juillet, LFP Media avait annonc\u00e9 que la premi\u00e8re affiche de la saison serait accessible gratuitement \u00e0 tous les t\u00e9l\u00e9spectateurs. Le magazine d&rsquo;avant-match, programm\u00e9 \u00e0 19h15, sera \u00e9galement diffus\u00e9 sans restriction.<\/p>\n<p>Un moyen pour le nouveau diffuseur de pr\u00e9senter son produit et son dispositif, \u00ab\u00a0pour que les t\u00e9l\u00e9spectateurs, le public, prennent go\u00fbt \u00e0 notre programme\u00a0\u00bb, avait d\u00e9clar\u00e9 Nicolas de Tavernost, le pr\u00e9sident de LFP Media. Pr\u00e9sent lors de la conf\u00e9rence de presse, le pr\u00e9sident nantais Waldemar Kita avait tir\u00e9 un parall\u00e8le historique avec une premi\u00e8re rencontre majeure dans l&rsquo;histoire du championnat de France, Nantes-Monaco \u00e0 La Beaujoire, premier match de l&rsquo;histoire du championnat de France diffus\u00e9 sur Canal + le 9 novembre 1984.<\/p>\n<p>Sacr\u00e9 champion d&rsquo;Europe pour la premi\u00e8re fois de son histoire, et finaliste de la Coupe du monde des clubs en juillet, le Paris Saint-Germain entame sur la pelouse de Nantes la saison de la confirmation, avec un effectif presque inchang\u00e9, et la d\u00e9fense de tous ses titres. Treizi\u00e8mes du dernier exercice, les Canaris viseront, sous la houlette de leur nouvel entra\u00eeneur Luis Castro, le maintien dans l&rsquo;\u00e9lite.<\/p>\n<p class=\"related-tags__title\" role=\"heading\" aria-level=\"2\">les mots-cl\u00e9s associ\u00e9s \u00e0 cet article\n    <\/p>\n","protected":false},"excerpt":{"rendered":"Tous les t\u00e9l\u00e9spectateurs pourront regarder le dernier match de la premi\u00e8re journ\u00e9e entre Canaris et Parisiens, dimanche soir.&hellip;\n","protected":false},"author":2,"featured_media":324296,"comment_status":"","ping_status":"","sticky":false,"template":"","format":"standard","meta":{"footnotes":""},"categories":[1888],"tags":[1111,1928,11,1927,1777,674,1011,27,12,1926,626,1925,25],"class_list":{"0":"post-324295","1":"post","2":"type-post","3":"status-publish","4":"format-standard","5":"has-post-thumbnail","7":"category-paris","8":"tag-actu","9":"tag-actu-paris","10":"tag-actualites","11":"tag-actualites-paris","12":"tag-eu","13":"tag-europe","14":"tag-fr","15":"tag-france","16":"tag-news","17":"tag-news-paris","18":"tag-paris","19":"tag-paris-news","20":"tag-republique-francaise"},"share_on_mastodon":{"url":"https:\/\/pubeurope.com\/@fr\/115042635362235787","error":""},"_links":{"self":[{"href":"https:\/\/www.europesays.com\/fr\/wp-json\/wp\/v2\/posts\/324295","targetHints":{"allow":["GET"]}}],"collection":[{"href":"https:\/\/www.europesays.com\/fr\/wp-json\/wp\/v2\/posts"}],"about":[{"href":"https:\/\/www.europesays.com\/fr\/wp-json\/wp\/v2\/types\/post"}],"author":[{"embeddable":true,"href":"https:\/\/www.europesays.com\/fr\/wp-json\/wp\/v2\/users\/2"}],"replies":[{"embeddable":true,"href":"https:\/\/www.europesays.com\/fr\/wp-json\/wp\/v2\/comments?post=324295"}],"version-history":[{"count":0,"href":"https:\/\/www.europesays.com\/fr\/wp-json\/wp\/v2\/posts\/324295\/revisions"}],"wp:featuredmedia":[{"embeddable":true,"href":"https:\/\/www.europesays.com\/fr\/wp-json\/wp\/v2\/media\/324296"}],"wp:attachment":[{"href":"https:\/\/www.europesays.com\/fr\/wp-json\/wp\/v2\/media?parent=324295"}],"wp:term":[{"taxonomy":"category","embeddable":true,"href":"https:\/\/www.europesays.com\/fr\/wp-json\/wp\/v2\/categories?post=324295"},{"taxonomy":"post_tag","embeddable":true,"href":"https:\/\/www.europesays.com\/fr\/wp-json\/wp\/v2\/tags?post=324295"}],"curies":[{"name":"wp","href":"https:\/\/api.w.org\/{rel}","templated":true}]}}