{"id":324297,"date":"2025-08-17T06:14:10","date_gmt":"2025-08-17T06:14:10","guid":{"rendered":"https:\/\/www.europesays.com\/fr\/324297\/"},"modified":"2025-08-17T06:14:10","modified_gmt":"2025-08-17T06:14:10","slug":"cest-chouette-de-voir-les-pepites-emerger-bercy-transcende-les-bleus-vainqueurs-de-lespagne-78-73","status":"publish","type":"post","link":"https:\/\/www.europesays.com\/fr\/324297\/","title":{"rendered":"\u00ab\u00a0C\u2019est chouette de voir les p\u00e9pites \u00e9merger\u00a0\u00bb\u00a0: Bercy transcende les Bleus, vainqueurs de l\u2019Espagne (78-73)"},"content":{"rendered":"<p class=\"paragraph text_align_left lp-f-body-02\">\u00c0 quoi mesure-t-on la puissance d\u2019un go\u00fbt de reviens-y ? Peut-\u00eatre \u00e0 la mani\u00e8re qu\u2019il a d\u2019aimanter pr\u00e8s de 13 613 \u00e2mes, venues de plus ou moins loin, un week-end du 15 ao\u00fbt alors que la plupart des rues parisiennes convoquent une tranquillit\u00e9 qui rappelle les ann\u00e9es Covid.<\/p>\n<p class=\"paragraph text_align_left lp-f-body-02\">Un an apr\u00e8s l\u2019\u00e9pop\u00e9e bleue aux Jeux de Paris, stopp\u00e9e au bord du r\u00eave par les Avengers am\u00e9ricains et leur intraitable \u00ab chef Curry \u00bb, de nombreux fans s\u2019\u00e9taient donn\u00e9 rendez-vous \u00e0 l\u2019Accor Arena, avec l\u2019envie de humer (\u00e0 nouveau) le parfum d\u00e9licieux de cette atmosph\u00e8re qui avait accompagn\u00e9 l\u2019\u00e9quipe de France jusqu\u2019\u00e0 <a href=\"https:\/\/www.leparisien.fr\/jo-paris-2024\/basketball\/jo-paris-2024-basket-les-avengers-americains-fracassent-le-reve-dor-des-bleus-87-98-10-08-2024-FHQU3IYIXVHTPDP5OOOBGFVNHE.php\" target=\"_blank\" rel=\"noreferrer noopener\">une magnifique m\u00e9daille d\u2019argent<\/a>.<\/p>\n<p class=\"paragraph text_align_left lp-f-body-02\">Une perspective si s\u00e9duisante que la salle a ouvert pour eux des portes qui restent traditionnellement ferm\u00e9es en cette p\u00e9riode estivale.<\/p>\n<p class=\"paragraph text_align_left lp-f-body-02\">Ils \u00e9taient des centaines \u00e0 patienter sur l\u2019esplanade, plus de deux heures avant le coup d\u2019envoi l\u2019avant-dernier match de pr\u00e9paration \u00e0 l\u2019Euro basket (27 ao\u00fbt \u2013 14 septembre) face \u00e0 l\u2019Espagne hier soir, faisant se c\u00f4toyer les habits de vacances, les tuniques aux couleurs des Bleus (qu\u2019ils s\u2019agissent de foot, de basket ou de rugby), comme celles des supporters avec leur \u00e9cusson de coq enflamm\u00e9 propres aux Jeux. On n\u2019aura pas non plus loup\u00e9 le tee-shirt patchwork de phryges, port\u00e9 par une t\u00eate blonde haute comme trois pommes qui tentait sa chance sur le panier install\u00e9 dans la zone.<\/p>\n<p class=\"paragraph text_align_left lp-f-body-02\">Pas question pour eux de manquer le retour des h\u00e9ros. \u00c0 l\u2019image d\u2019Agn\u00e8s, Anna et Claire, m\u00e8re et filles venues de Lorraine, il s\u2019agissait de prolonger la f\u00eate. \u00ab On \u00e9tait l\u00e0 pour les demies filles et gar\u00e7ons, c\u2019\u00e9tait incroyable. On esp\u00e8re que ce sera aussi bien \u00bb, se rem\u00e9moraient-elles.<\/p>\n<p class=\"paragraph text_align_left lp-f-body-02\">Les forfaits en cascade, de la nouvelle coqueluche, <a href=\"https:\/\/www.leparisien.fr\/sports\/basket\/victor-wembanyama\/\" target=\"_blank\" rel=\"noreferrer noopener\">Victor Wembanyama<\/a> (flocage le plus pr\u00e9sent dans les tribunes, qu\u2019il se d\u00e9cline aux couleurs du coq ou de son club des San Antonio Spurs), ou de cadres exp\u00e9riment\u00e9s comme Rudy Gobert et Evan Fournier, n\u2019a pas du tout douch\u00e9 leur enthousiasme. \u00ab Mon chouchou sur la pr\u00e9pa, c\u2019est (Sylvain) Francisco \u00bb, glisse la m\u00e8re en experte. Bien vu : le meneur de Kaunas fut, avec Matthew Strazel, le grand artisan de la victoire fran\u00e7aise. \u00ab C\u2019est chouette de voir les p\u00e9pites \u00e9merger, de se battre pour leur place \u00bb, compl\u00e8tent les deux autres. Un sentiment partag\u00e9 par l\u2019ensemble des curieux interrog\u00e9s. Malheureux de ne pas avoir pu mettre la main sur un ticket pour la finale face aux USA l\u2019\u00e9t\u00e9 dernier, Romain et Myl\u00e8ne, habitants de Seine-et-Marne, profitaient de l\u2019occasion pour observer Bilal Coulibaly de pr\u00e8s, tandis que l\u2019attention des Rennais Yassine et Andr\u00e9a, se portaient plus vers son co\u00e9quipier \u00e0 Washington, Alexandre Sarr.<\/p>\n<p>\u00ab La base est tr\u00e8s bien pour continuer \u00e0 nous faire r\u00eaver \u00bb<\/p>\n<p class=\"paragraph text_align_left lp-f-body-02\">Une curiosit\u00e9 et un amour pour une nouvelle g\u00e9n\u00e9ration qui a tout d\u2019opportun. Cette rencontre \u00e9tait autant l\u2019occasion de se rappeler aux bons souvenirs de Jeux, dont il ne restait que quatre visages connus (Yabusele, Strazel, Cordinier, Coulibaly), qu\u2019un passage de t\u00e9moin. Puisque le meneur aux doigts de f\u00e9e Nando De Colo (38 ans, 209 s\u00e9lections) et celui qui restera dans les m\u00e9moires de beaucoup comme un contreur et un d\u00e9fenseur d\u2019exception Nicolas Batum (36 ans, 177 s\u00e9l.), retrait\u00e9s internationaux apr\u00e8s pr\u00e8s de vingt ans de loyaux services, \u00e9taient honor\u00e9s avant le lancement des hostilit\u00e9s.<\/p>\n<p class=\"paragraph text_align_left lp-f-body-02\">\u00ab C\u2019est fini. C\u2019est \u00e7a qui est dur \u00e0 accepter. \u00c7a cl\u00f4t vraiment l\u2019histoire. C\u2019est une salle particuli\u00e8re, on a v\u00e9cu un moment particulier ici pour finir, de voir Bercy rempli, de voir des images de nous jeunes, de retracer un peu tout. C\u2019\u00e9tait un grand moment. C\u2019est pass\u00e9 tr\u00e8s tr\u00e8s vite. Je leur dis d\u2019en profiter \u00bb, soulignait Batman les yeux rougis, avant de partager son regard sur le cycle suivant. \u00ab Nouveau coach, nouveaux leaders, nouveau capitaine, nouveau tout. Il en manque quelques-uns, mais on sent que \u00e7a veut jouer ensemble, d\u00e9fendre dur. La base est tr\u00e8s bien pour continuer \u00e0 nous faire r\u00eaver. \u00bb<\/p>\n<p class=\"paragraph text_align_left lp-f-body-02\">Tout aussi \u00e9mu, Nando De Colo (6 m\u00e9dailles internationales) jugeait lui que les \u00ab confrontations toujours tr\u00e8s intenses face aux Espagnols \u00bb avaient servi sa g\u00e9n\u00e9ration pour r\u00e9aliser un parcours si prolifique. Au terme de cette double confrontation, leurs jeunes cadets men\u00e9s par Fr\u00e9d\u00e9ric Fauthoux, auront assur\u00e9ment aiguis\u00e9 leur collectif et leur caract\u00e8re.<\/p>\n<p class=\"paragraph text_align_left lp-f-body-02\">Men\u00e9s 44-28 \u00e0 la mi-temps, les Bleus ont vite recoll\u00e9 apr\u00e8s la pause pour revenir \u00e0 \u00e9galit\u00e9 \u00e0 5 minutes de la fin. Matthew Strazel, en patron, allait mener les siens \u00e0 la victoire (78-73).<\/p>\n<p class=\"paragraph text_align_left lp-f-body-02\">Si nul ne sait encore ce qu\u2019il adviendra de l\u2019escouade des 12 heureux \u00e9lus qui s\u2019envoleront pour la Gr\u00e8ce en vue d\u2019un ultime match de pr\u00e9paration, le 24, ils s\u2019avanceront \u00e0 l\u2019Euro avec l\u2019\u00e9nergie de ceux qui se savent soutenus chaudement par tout un peuple.<\/p>\n","protected":false},"excerpt":{"rendered":"\u00c0 quoi mesure-t-on la puissance d\u2019un go\u00fbt de reviens-y ? Peut-\u00eatre \u00e0 la mani\u00e8re qu\u2019il a d\u2019aimanter pr\u00e8s&hellip;\n","protected":false},"author":2,"featured_media":324298,"comment_status":"","ping_status":"","sticky":false,"template":"","format":"standard","meta":{"footnotes":""},"categories":[1888],"tags":[1111,1928,11,1927,1465,1777,674,1011,27,12,1926,626,1925,25,60],"class_list":{"0":"post-324297","1":"post","2":"type-post","3":"status-publish","4":"format-standard","5":"has-post-thumbnail","7":"category-paris","8":"tag-actu","9":"tag-actu-paris","10":"tag-actualites","11":"tag-actualites-paris","12":"tag-basket","13":"tag-eu","14":"tag-europe","15":"tag-fr","16":"tag-france","17":"tag-news","18":"tag-news-paris","19":"tag-paris","20":"tag-paris-news","21":"tag-republique-francaise","22":"tag-sports"},"share_on_mastodon":{"url":"https:\/\/pubeurope.com\/@fr\/115042639306326913","error":""},"_links":{"self":[{"href":"https:\/\/www.europesays.com\/fr\/wp-json\/wp\/v2\/posts\/324297","targetHints":{"allow":["GET"]}}],"collection":[{"href":"https:\/\/www.europesays.com\/fr\/wp-json\/wp\/v2\/posts"}],"about":[{"href":"https:\/\/www.europesays.com\/fr\/wp-json\/wp\/v2\/types\/post"}],"author":[{"embeddable":true,"href":"https:\/\/www.europesays.com\/fr\/wp-json\/wp\/v2\/users\/2"}],"replies":[{"embeddable":true,"href":"https:\/\/www.europesays.com\/fr\/wp-json\/wp\/v2\/comments?post=324297"}],"version-history":[{"count":0,"href":"https:\/\/www.europesays.com\/fr\/wp-json\/wp\/v2\/posts\/324297\/revisions"}],"wp:featuredmedia":[{"embeddable":true,"href":"https:\/\/www.europesays.com\/fr\/wp-json\/wp\/v2\/media\/324298"}],"wp:attachment":[{"href":"https:\/\/www.europesays.com\/fr\/wp-json\/wp\/v2\/media?parent=324297"}],"wp:term":[{"taxonomy":"category","embeddable":true,"href":"https:\/\/www.europesays.com\/fr\/wp-json\/wp\/v2\/categories?post=324297"},{"taxonomy":"post_tag","embeddable":true,"href":"https:\/\/www.europesays.com\/fr\/wp-json\/wp\/v2\/tags?post=324297"}],"curies":[{"name":"wp","href":"https:\/\/api.w.org\/{rel}","templated":true}]}}