{"id":324305,"date":"2025-08-17T06:18:13","date_gmt":"2025-08-17T06:18:13","guid":{"rendered":"https:\/\/www.europesays.com\/fr\/324305\/"},"modified":"2025-08-17T06:18:13","modified_gmt":"2025-08-17T06:18:13","slug":"apres-le-sommet-en-alaska-trump-reclame-un-accord-de-paix-et-les-europeens-se-reunissent-mediapart","status":"publish","type":"post","link":"https:\/\/www.europesays.com\/fr\/324305\/","title":{"rendered":"Apr\u00e8s le sommet en Alaska, Trump r\u00e9clame un accord de paix et les Europ\u00e9ens se r\u00e9unissent &#8211; Mediapart"},"content":{"rendered":"<ol>\n<li><a href=\"https:\/\/news.google.com\/rss\/articles\/CBMi2gFBVV95cUxNTTNiYk9kdmxwVW9VNmdFNExRYTBBYnJ1bUVDZGk2UWdYS1J3TEJkWjlpbjRrWS11QjBjenVJbU5WcTQzYWtnSEU0eGs3RnpjVVNBMjVXWW9mZVFrcjR2NVFxLW8zbkxRbVNTSzBwUDJjaUdqR1ItaVNCdEpQUjk1aFlUdHFraHJLNTBHNHhYVUtSX1o5Mkh1aFZOMzZQc2hpa3NYcFpTbDUwUkVSeUZjXzJzUUdpbWx2WVB1dEJwOWlHeHVGdGo1UzJQci00VTNiRThyanRGWHVlQQ?oc=5\" target=\"_blank\" rel=\"nofollow noopener\">Apr\u00e8s le sommet en Alaska, Trump r\u00e9clame un accord de paix et les Europ\u00e9ens se r\u00e9unissent<\/a>&nbsp;&nbsp;Mediapart<\/li>\n<li><a href=\"https:\/\/news.google.com\/rss\/articles\/CBMiyAJBVV95cUxQQjZsaVlWTmo5ZlNZYlNFZjJiSVI1RmVCOEdHS3NzNUtZeURPbVlhcU1wMjA3ejRNNW1ySHhmYUp5bWxGcDJMRDBVbGdOczRyVnNRSnZJYVJXVk5iMVdta0lVLUdjRG84NVF0eGxIbzkxal9JQzR0d1lRcThiV3h5WjRVLTlnNWY0SThSNXVKSVhqRjI1b1RYZVkwajI4Qjc1RVFBZHEwQWI4UkhsZFNxWUFQVE80MEZKVWZ4WHVNeHZMb3NoMWdZeDlTTU1wVWdCcl95eHpndGl1SkZld1k3SXpiaWVrUVFmMTNUQ3JldG92WGRCTnNKSkhxZ1E1c1pwN2o2aUd5WW1IVkp2cll1S1d6WlpIUXlodUxVOGRLR05NOWNFWWIxSnZHZFE5RDR3cDBTSGdDcE9RYWZlV3VJS3VDdFlmYmZr?oc=5\" target=\"_blank\" rel=\"nofollow noopener\">Tout ne s\u2019est pas pass\u00e9 comme pr\u00e9vu entre Poutine et Trump en Alaska : ce que r\u00e9v\u00e8lent des documents confidentiels oubli\u00e9s dans une imprimante<\/a>&nbsp;&nbsp;Le Parisien<\/li>\n<li><a href=\"https:\/\/news.google.com\/rss\/articles\/CBMiywFBVV95cUxQblh3X2loY0VzV3ltZXFXcWlWVEpqNHNvYWFkWTBXQzZNa2tNWDhaTmxKUFFlQlNKZGR0clhxUTRZNkp2OUEtTEd0eDRURmEwUmtCOVBTbkJhc2tnd3FNVTZzU0JaOW9SSkdnaWJOQjNjcjAyNTVOVDRIVzFXMWZXY1NFS0tjenFkM0pLdGtBQ04xYUU2b2dLS1BLQTJZbTBjTVVHc3QwUTVSbGR4YWlISFhRb19oeGp5QlhiMkg0Y1pnMk1tMFhldUNZaw?oc=5\" target=\"_blank\" rel=\"nofollow noopener\">Ce que l\u2019\u00e9chec du sommet en Alaska r\u00e9v\u00e8le vraiment des intentions de Poutine<\/a>&nbsp;&nbsp;Le Point<\/li>\n<li><a href=\"https:\/\/news.google.com\/rss\/articles\/CBMinwJBVV95cUxPMzFMNHJnSjBYeTREeUNjTmE1eS1NeGVGRm84Rnl1cnY2TXlXS3NuZUtKZG8xaDAybTZ4NkFON0U5cG8wRk9TU21nX1hkcDdlUXRqLU9hNHdveU5KbUZuNXNpNXZKLXd0bUFhSWdfRy1GX0pnbUdrLUZzUWI5NFVBekdCWV95cGlabVZjZXZuUXNZeVpLdWlhRTA4M3ZqNnN1S2NjZDNLMkVPcGhodHNZVm1vQ21KZDE0RlhWUDNJWWkwWGVIcFl2dnZCT0hCRFRLdEk1R0lTOUxHQkh1d2pqb3lhU2JuX3pmTEhjRzAySjZBYmMyVTVQSXZrUWhJWVBGZ1lhUkwxOG9uRmxDaHp1clhvaTk3a3BYSlhoTWcyWQ?oc=5\" target=\"_blank\" rel=\"nofollow noopener\">Guerre en Ukraine, rencontre Trump-Poutine : la retranscription int\u00e9grale de la conf\u00e9rence de presse commune<\/a>&nbsp;&nbsp;Le Monde.fr<\/li>\n<li><a href=\"https:\/\/news.google.com\/rss\/articles\/CBMi3gFBVV95cUxPeDFYYk5JZURxYTIwaFpsN2RZMW1zSjhMMHRlRm5SbUpLekwxZHFiMm5VZ0hDSUlZMGJZck5wRXlvY2hmRXlxMkx6cGRMa01USnF4UWEyeGwxakdVaWRSMmw3dGhScXMxb0N1NDNlbkRVSmQ0OGRjOG1KUEJTUGJFVGhUYWV4RmNncUtwYnBPRHE0cTZSR0JiZ0NIQlo5U0ZWMUtXVF9sS1ExcXpDV0pWS0R2ZWFPZVNLYzViaU5WalpvU1dzWG13VDY1Tk1wYi1EeTJVZUtRclV2SEsxS0E?oc=5\" target=\"_blank\" rel=\"nofollow noopener\">Ukraine : Trump renonce \u00e0 exiger un cessez-le-feu et \u201cs\u2019aligne\u201d sur la position de Moscou<\/a>&nbsp;&nbsp;Courrier international<\/li>\n<\/ol>\n","protected":false},"excerpt":{"rendered":"Apr\u00e8s le sommet en Alaska, Trump r\u00e9clame un accord de paix et les Europ\u00e9ens se r\u00e9unissent&nbsp;&nbsp;Mediapart Tout ne&hellip;\n","protected":false},"author":2,"featured_media":324306,"comment_status":"","ping_status":"","sticky":false,"template":"","format":"standard","meta":{"footnotes":""},"categories":[1590],"tags":[11,3939,75,1777,674,131,12,220,135],"class_list":{"0":"post-324305","1":"post","2":"type-post","3":"status-publish","4":"format-standard","5":"has-post-thumbnail","7":"category-ukraine","8":"tag-actualites","9":"tag-defense-et-diplomatie","10":"tag-donald-trump","11":"tag-eu","12":"tag-europe","13":"tag-guerre-en-ukraine","14":"tag-news","15":"tag-ukraine","16":"tag-vladimir-poutine"},"share_on_mastodon":{"url":"https:\/\/pubeurope.com\/@fr\/115042654875256992","error":""},"_links":{"self":[{"href":"https:\/\/www.europesays.com\/fr\/wp-json\/wp\/v2\/posts\/324305","targetHints":{"allow":["GET"]}}],"collection":[{"href":"https:\/\/www.europesays.com\/fr\/wp-json\/wp\/v2\/posts"}],"about":[{"href":"https:\/\/www.europesays.com\/fr\/wp-json\/wp\/v2\/types\/post"}],"author":[{"embeddable":true,"href":"https:\/\/www.europesays.com\/fr\/wp-json\/wp\/v2\/users\/2"}],"replies":[{"embeddable":true,"href":"https:\/\/www.europesays.com\/fr\/wp-json\/wp\/v2\/comments?post=324305"}],"version-history":[{"count":0,"href":"https:\/\/www.europesays.com\/fr\/wp-json\/wp\/v2\/posts\/324305\/revisions"}],"wp:featuredmedia":[{"embeddable":true,"href":"https:\/\/www.europesays.com\/fr\/wp-json\/wp\/v2\/media\/324306"}],"wp:attachment":[{"href":"https:\/\/www.europesays.com\/fr\/wp-json\/wp\/v2\/media?parent=324305"}],"wp:term":[{"taxonomy":"category","embeddable":true,"href":"https:\/\/www.europesays.com\/fr\/wp-json\/wp\/v2\/categories?post=324305"},{"taxonomy":"post_tag","embeddable":true,"href":"https:\/\/www.europesays.com\/fr\/wp-json\/wp\/v2\/tags?post=324305"}],"curies":[{"name":"wp","href":"https:\/\/api.w.org\/{rel}","templated":true}]}}