{"id":324309,"date":"2025-08-17T06:20:12","date_gmt":"2025-08-17T06:20:12","guid":{"rendered":"https:\/\/www.europesays.com\/fr\/324309\/"},"modified":"2025-08-17T06:20:12","modified_gmt":"2025-08-17T06:20:12","slug":"attention-a-ces-changements-si-vous-avez-prevu-de-vous-rendre-dans-les-iles-anglo-normandes","status":"publish","type":"post","link":"https:\/\/www.europesays.com\/fr\/324309\/","title":{"rendered":"Attention \u00e0 ces changements si vous avez pr\u00e9vu de vous rendre dans les \u00eeles anglo-normandes"},"content":{"rendered":"<p>On le sait, depuis le Brexit de 2021, le <a href=\"https:\/\/partir.ouest-france.fr\/royaume-uni\" target=\"_blank\" data-type=\"qplinks\" data-id=\"61163\" rel=\"noreferrer noopener nofollow\">Royaume-Uni<\/a> est hors Union Europ\u00e9enne et n\u00e9cessite maintenant un passeport pour se rendre sur son territoire avec depuis quelques mois aussi l\u2019obligation d\u2019une autorisation \u00e9lectronique de voyage pr\u00e9alable (ETA pour Electronic Travel Authorisation).<\/p>\n<p>Une obligation qui n\u00e9anmoins ne touchait pas jusqu\u2019\u00e0 pr\u00e9sent les \u00eeles anglo-normandes pour lesquelles, d\u00e8s lors que l\u2019on arrive directement en ferry du territoire fran\u00e7ais, une simple carte d\u2019identit\u00e9 est suffisante pour (maximum) une journ\u00e9e sur place. Or, cela devrait changer sous peu.<\/p>\n<p>Jersey, Guernesey ou encore l\u2019\u00eele de Man<\/p>\n<p>Premi\u00e8res concern\u00e9es donc Jersey et Guernesey qui sont les principales \u00eeles de ces fameuses Channel Islands plus proches de la France que de l\u2019Angleterre. Au point d\u2019ailleurs que beaucoup de choses pour elles d\u00e9pendent de la France, y compris et surtout pour ce qui est du tourisme avec des visiteurs en nombre venus de l\u2019hexagone depuis les ports du Cotentin.<\/p>\n<p>Mais d\u2019ici fin 2025 ou d\u00e9but 2026, les \u00eeles anglo-normandes, tout comme d\u2019ailleurs l\u2019\u00eele de Man situ\u00e9e elle entre l\u2019Angleterre et l\u2019Irlande du Nord, ont pr\u00e9vu \u00e0 leur tour de mettre en place leur propre syst\u00e8me d\u2019autorisation de voyage \u00e9lectronique. Un ETAs distinct de celui du Royaume-Uni qui n\u00e9cessitera donc une demande \u00e0 part.<\/p>\n<p><\/p>\n<p>Outre l\u2019id\u00e9e d\u2019harmoniser les proc\u00e9dure dans le Royaume-Uni et ses d\u00e9pendances, les autorit\u00e9s locales justifient la nouveaut\u00e9 \u00e0 venir par le fait que \u00ab\u00a0le dispositif ETAs renforcera la s\u00e9curit\u00e9 aux fronti\u00e8res gr\u00e2ce \u00e0 des contr\u00f4les effectu\u00e9s avant le voyage et emp\u00eachera les personnes susceptibles de pr\u00e9senter un risque d\u2019embarquer\u00a0\u00bb.<br \/>Concr\u00e8tement, il ne sera plus possible non plus de se rendre \u00e0 Jersey et Guernesy avec juste sa carte d\u2019identit\u00e9 puisque le syst\u00e8me des ETA n\u00e9cessite obligatoirement d\u2019avoir un passeport pour faire sa demande.<\/p>\n<p>Reste maintenant \u00e0 conna\u00eetre les d\u00e9tails sur la date effective de mise en place de cet ETA anglo-normand, la proc\u00e9dure et son co\u00fbt, de m\u00eame qu\u2019ensuite la validit\u00e9 du document. \u00c0 suivre donc\u2026 <\/p>\n","protected":false},"excerpt":{"rendered":"On le sait, depuis le Brexit de 2021, le Royaume-Uni est hors Union Europ\u00e9enne et n\u00e9cessite maintenant un&hellip;\n","protected":false},"author":2,"featured_media":324310,"comment_status":"","ping_status":"","sticky":false,"template":"","format":"standard","meta":{"footnotes":""},"categories":[1588],"tags":[11,1777,674,12,473,1853,1851,1850,1852],"class_list":{"0":"post-324309","1":"post","2":"type-post","3":"status-publish","4":"format-standard","5":"has-post-thumbnail","7":"category-royaume-uni","8":"tag-actualites","9":"tag-eu","10":"tag-europe","11":"tag-news","12":"tag-royaume-uni","13":"tag-royaume-uni-de-grande-bretagne-et-dirlande-du-nord","14":"tag-uk","15":"tag-united-kingdom","16":"tag-united-kingdom-of-great-britain-and-northern-ireland"},"share_on_mastodon":{"url":"https:\/\/pubeurope.com\/@fr\/115042662693698969","error":""},"_links":{"self":[{"href":"https:\/\/www.europesays.com\/fr\/wp-json\/wp\/v2\/posts\/324309","targetHints":{"allow":["GET"]}}],"collection":[{"href":"https:\/\/www.europesays.com\/fr\/wp-json\/wp\/v2\/posts"}],"about":[{"href":"https:\/\/www.europesays.com\/fr\/wp-json\/wp\/v2\/types\/post"}],"author":[{"embeddable":true,"href":"https:\/\/www.europesays.com\/fr\/wp-json\/wp\/v2\/users\/2"}],"replies":[{"embeddable":true,"href":"https:\/\/www.europesays.com\/fr\/wp-json\/wp\/v2\/comments?post=324309"}],"version-history":[{"count":0,"href":"https:\/\/www.europesays.com\/fr\/wp-json\/wp\/v2\/posts\/324309\/revisions"}],"wp:featuredmedia":[{"embeddable":true,"href":"https:\/\/www.europesays.com\/fr\/wp-json\/wp\/v2\/media\/324310"}],"wp:attachment":[{"href":"https:\/\/www.europesays.com\/fr\/wp-json\/wp\/v2\/media?parent=324309"}],"wp:term":[{"taxonomy":"category","embeddable":true,"href":"https:\/\/www.europesays.com\/fr\/wp-json\/wp\/v2\/categories?post=324309"},{"taxonomy":"post_tag","embeddable":true,"href":"https:\/\/www.europesays.com\/fr\/wp-json\/wp\/v2\/tags?post=324309"}],"curies":[{"name":"wp","href":"https:\/\/api.w.org\/{rel}","templated":true}]}}