{"id":324330,"date":"2025-08-17T06:31:28","date_gmt":"2025-08-17T06:31:28","guid":{"rendered":"https:\/\/www.europesays.com\/fr\/324330\/"},"modified":"2025-08-17T06:31:28","modified_gmt":"2025-08-17T06:31:28","slug":"bourges-defendra-son-titre-a-paris","status":"publish","type":"post","link":"https:\/\/www.europesays.com\/fr\/324330\/","title":{"rendered":"Bourges d\u00e9fendra son titre \u00e0 Paris"},"content":{"rendered":"<p>                            <img decoding=\"async\" class=\"img-fluid thumbnail__news\" src=\"https:\/\/www.europesays.com\/fr\/wp-content\/uploads\/2025\/08\/7799e0bb-3b5e-4d95-8aee-1c9179afa7a2.JPG\" alt=\"Bourges d\u00e9fendra son titre \u00e0 Paris\"\/><br \/>\n                                                        Ce sera Bourges et Charleville-M\u00e9zi\u00e8res \u00e0 Paris pour la finale de la Coupe de France 2025 Troph\u00e9e Jo\u00eb Jaunay ! Les Berruy\u00e8res se sont impos\u00e9es dans un match extr\u00eamement serr\u00e9 \u00e0 Basket Landes pour aller d\u00e9fendre leur titre de Championnes de France \u00e0 Paris.<\/p>\n<p class=\"MsoNormal\">Un match d\u00e9fensif\u00a0! Pour autant un match de tr\u00e8s haut-niveau \u00e0 l\u2019Espace Fran\u00e7ois Mitterrand entre Basket Landes et Bourges. Les deux \u00e9curies s\u2019\u00e9taient d\u00e9j\u00e0 rencontr\u00e9es quatre fois cette saison, en championnat ainsi qu\u2019en Euroleague pour un bilan de deux victoires partout. Cette demi-finale de Coupe de France \u00e9tait un remake de la Finale du Troph\u00e9e Jo\u00eb Jaunay 2024 o\u00f9 Bourges s\u2019\u00e9tait impos\u00e9 \u00e0 Bercy.<\/p>\n<p class=\"MsoNormal\">Physiquement, le d\u00e9but de match annon\u00e7ait la couleur. Les deux \u00e9quipes se sont rendues coup pour coup, se renvoyant toujours la balle au niveau de la m\u00e8ne au score. Malgr\u00e9 l\u2019absence de Sixtine Macquet, la raquette landaise se portait tr\u00e8s bien avec l\u2019impact de Kourtney Treffers ou celui de Myriam Djekoundade, meilleure marqueuse de Basket Landes \u00e0 13 points. Pour Bourges, du premier au dernier quart-temps, la cheffe d\u2019orchestre Pauline Astier s\u2019est occup\u00e9e de tout. Avec 12 points, 8 rebonds, 2 interceptions et 2 contres, la MVP de la demi-finale a \u00e9galement d\u00e9croch\u00e9 la finale gr\u00e2ce \u00e0 son sang-froid sur la ligne des lancers-francs en fin de match. La fin de match \u00e9tait \u00e9galement le terrain d\u2019expression d\u2019Alix Duchet, facteur X du Tango \u00e0 12 points dans une fin de match serr\u00e9e. Fatigu\u00e9es offensivement, les joueuses de Julie Barennes pas su cr\u00e9er des attaques en fin de match, en comptant trop sur son adresse ext\u00e9rieure pourtant terrible \u00e0 2\/28 \u00e0 trois points. 53-57 score final pour que Bourges aille chasser \u00e0 Paris le 25 avril son 13e titre de Championnes de France face aux Flammes de Charleville-M\u00e9zi\u00e8res.<\/p>\n","protected":false},"excerpt":{"rendered":"Ce sera Bourges et Charleville-M\u00e9zi\u00e8res \u00e0 Paris pour la finale de la Coupe de France 2025 Troph\u00e9e Jo\u00eb&hellip;\n","protected":false},"author":2,"featured_media":324331,"comment_status":"","ping_status":"","sticky":false,"template":"","format":"standard","meta":{"footnotes":""},"categories":[1414],"tags":[1465,1464,1011,27,60],"class_list":{"0":"post-324330","1":"post","2":"type-post","3":"status-publish","4":"format-standard","5":"has-post-thumbnail","7":"category-basket","8":"tag-basket","9":"tag-basketball","10":"tag-fr","11":"tag-france","12":"tag-sports"},"share_on_mastodon":{"url":"https:\/\/pubeurope.com\/@fr\/115042705965805329","error":""},"_links":{"self":[{"href":"https:\/\/www.europesays.com\/fr\/wp-json\/wp\/v2\/posts\/324330","targetHints":{"allow":["GET"]}}],"collection":[{"href":"https:\/\/www.europesays.com\/fr\/wp-json\/wp\/v2\/posts"}],"about":[{"href":"https:\/\/www.europesays.com\/fr\/wp-json\/wp\/v2\/types\/post"}],"author":[{"embeddable":true,"href":"https:\/\/www.europesays.com\/fr\/wp-json\/wp\/v2\/users\/2"}],"replies":[{"embeddable":true,"href":"https:\/\/www.europesays.com\/fr\/wp-json\/wp\/v2\/comments?post=324330"}],"version-history":[{"count":0,"href":"https:\/\/www.europesays.com\/fr\/wp-json\/wp\/v2\/posts\/324330\/revisions"}],"wp:featuredmedia":[{"embeddable":true,"href":"https:\/\/www.europesays.com\/fr\/wp-json\/wp\/v2\/media\/324331"}],"wp:attachment":[{"href":"https:\/\/www.europesays.com\/fr\/wp-json\/wp\/v2\/media?parent=324330"}],"wp:term":[{"taxonomy":"category","embeddable":true,"href":"https:\/\/www.europesays.com\/fr\/wp-json\/wp\/v2\/categories?post=324330"},{"taxonomy":"post_tag","embeddable":true,"href":"https:\/\/www.europesays.com\/fr\/wp-json\/wp\/v2\/tags?post=324330"}],"curies":[{"name":"wp","href":"https:\/\/api.w.org\/{rel}","templated":true}]}}