{"id":324332,"date":"2025-08-17T06:32:09","date_gmt":"2025-08-17T06:32:09","guid":{"rendered":"https:\/\/www.europesays.com\/fr\/324332\/"},"modified":"2025-08-17T06:32:09","modified_gmt":"2025-08-17T06:32:09","slug":"week-end-parfait-pour-ferrari-en-autriche","status":"publish","type":"post","link":"https:\/\/www.europesays.com\/fr\/324332\/","title":{"rendered":"week-end parfait pour Ferrari en Autriche"},"content":{"rendered":"<p>                        Partager<\/p>\n<p>https:\/\/www.motogp.com\/fr\/news\/2025\/08\/16\/aut-me-races-report\/756184<\/p>\n<p>                                Copy Link<\/p>\n<p class=\"news-article__summary\">Voici ce qu&rsquo;il s&rsquo;est pass\u00e9 ce samedi au Red Bull Ring dans la cat\u00e9gorie \u00e9lectrique, qui disputait sa troisi\u00e8me manche de la saison<\/p>\n<p>                    Sujets li\u00e9s<\/p>\n<p>\n                                LATEST-NEWS<br \/>\n                                REPORT\n                    <\/p>\n<p>Le Championnat du Monde FIM MotoE\u2122 faisait son retour ce week-end \u00e0 l&rsquo;occasion du Grand Prix BWIN d&rsquo;Autriche\u00a0! Profite ci-dessous GRATUITEMENT des deux courses \u00e0 Spielberg qui ont vu Matteo Ferrari (Felo Gresini MotoE\u2122) dominer ses adversaires.<\/p>\n<p>\n                                Hector Garzo, Eric Granado, BWIN Grand Prix of Austria\n                        <\/p>\n<p>\n                                Matteo Ferrari, Felo Gresini MotoE\u2122, BWIN Grand Prix of Austria\n                        <\/p>\n<p>\n                                MotoE\u2122, Race 1, BWIN Grand Prix of Austria\n                        <\/p>\n<p>\n                                Eric Granado, LCR E-Team, BWIN Grand Prix of Austria\n                        <\/p>\n<p>\n                                Matteo Ferrari, Felo Gresini MotoE\u2122, BWIN Grand Prix of Austria\n                        <\/p>\n<p>\n                                Matteo Ferrari, Felo Gresini MotoE\u2122, BWIN Grand Prix of Austria\n                        <\/p>\n<p>\n                                Matteo Ferrari, Felo Gresini MotoE\u2122, BWIN Grand Prix of Austria\n                        <\/p>\n<p>\n                                Hector Garzo, Dynavolt Intact GPD, BWIN Grand Prix of Austria\n                        <\/p>\n<p>\n                                Pit Lane, MotoE\u2122, BWIN Grand Prix of Austria\n                        <\/p>\n<p>\n                                MotoE\u2122, Race 2, BWIN Grand Prix of Austria\n                        <\/p>\n<p>\n                                Matteo Ferrari, Felo Gresini MotoE\u2122, BWIN Grand Prix of Austria\n                        <\/p>\n<p>\n                                Matteo Ferrari, Felo Gresini MotoE\u2122, BWIN Grand Prix of Austria\n                        <\/p>\n","protected":false},"excerpt":{"rendered":"Partager https:\/\/www.motogp.com\/fr\/news\/2025\/08\/16\/aut-me-races-report\/756184 Copy Link Voici ce qu&rsquo;il s&rsquo;est pass\u00e9 ce samedi au Red Bull Ring dans la cat\u00e9gorie&hellip;\n","protected":false},"author":2,"featured_media":324333,"comment_status":"","ping_status":"","sticky":false,"template":"","format":"standard","meta":{"footnotes":""},"categories":[1413],"tags":[1011,27,1457,1456,60,2032],"class_list":{"0":"post-324332","1":"post","2":"type-post","3":"status-publish","4":"format-standard","5":"has-post-thumbnail","7":"category-moto","8":"tag-fr","9":"tag-france","10":"tag-moto","11":"tag-motocycle","12":"tag-sports","13":"tag-text"},"share_on_mastodon":{"url":"https:\/\/pubeurope.com\/@fr\/115042709960623620","error":""},"_links":{"self":[{"href":"https:\/\/www.europesays.com\/fr\/wp-json\/wp\/v2\/posts\/324332","targetHints":{"allow":["GET"]}}],"collection":[{"href":"https:\/\/www.europesays.com\/fr\/wp-json\/wp\/v2\/posts"}],"about":[{"href":"https:\/\/www.europesays.com\/fr\/wp-json\/wp\/v2\/types\/post"}],"author":[{"embeddable":true,"href":"https:\/\/www.europesays.com\/fr\/wp-json\/wp\/v2\/users\/2"}],"replies":[{"embeddable":true,"href":"https:\/\/www.europesays.com\/fr\/wp-json\/wp\/v2\/comments?post=324332"}],"version-history":[{"count":0,"href":"https:\/\/www.europesays.com\/fr\/wp-json\/wp\/v2\/posts\/324332\/revisions"}],"wp:featuredmedia":[{"embeddable":true,"href":"https:\/\/www.europesays.com\/fr\/wp-json\/wp\/v2\/media\/324333"}],"wp:attachment":[{"href":"https:\/\/www.europesays.com\/fr\/wp-json\/wp\/v2\/media?parent=324332"}],"wp:term":[{"taxonomy":"category","embeddable":true,"href":"https:\/\/www.europesays.com\/fr\/wp-json\/wp\/v2\/categories?post=324332"},{"taxonomy":"post_tag","embeddable":true,"href":"https:\/\/www.europesays.com\/fr\/wp-json\/wp\/v2\/tags?post=324332"}],"curies":[{"name":"wp","href":"https:\/\/api.w.org\/{rel}","templated":true}]}}