{"id":324343,"date":"2025-08-17T06:37:09","date_gmt":"2025-08-17T06:37:09","guid":{"rendered":"https:\/\/www.europesays.com\/fr\/324343\/"},"modified":"2025-08-17T06:37:09","modified_gmt":"2025-08-17T06:37:09","slug":"une-sculpture-invisible-se-vend-a-15-000-euros-le-vide-est-plein-de-tout-linfo-re","status":"publish","type":"post","link":"https:\/\/www.europesays.com\/fr\/324343\/","title":{"rendered":"Une sculpture invisible se vend \u00e0 15 000 euros : \u00ab Le vide est plein de tout ! \u00bb &#8211; LINFO.re"},"content":{"rendered":"<p>En 2021, un carr\u00e9 de vide baptis\u00e9 Io Sono a \u00e9t\u00e9 vendu aux ench\u00e8res pour 15 000 euros. Un prix qui surprend pour quelque chose d\u2019immat\u00e9riel et d\u2019invisible. Le cr\u00e9ateur se d\u00e9fend, sa sculpture serait une invitation \u00e0 \u00ab\u00a0penser autrement, en s\u2019abstrayant de tout et surtout des images\u00a0\u00bb.<\/p>\n<p>Apr\u00e8s la banane scotch\u00e9e au mur, voici la statue faite \u00e0 partir de vide. C\u2019est une cr\u00e9ation de l\u2019artiste italien Salvatore Garau. En 2021, elle sera vendue aux ench\u00e8res au prix de 15 000 euros, alors que la mise \u00e0 prix avait \u00e9t\u00e9 fix\u00e9e \u00e0 6 000 euros. Un prix colossal pour un morceau de vide, mais pour le sculpteur, sa cr\u00e9ation existe bel et bien.\u00a0<\/p>\n<p>Baptis\u00e9 Io Sono (\u00ab\u00a0je suis\u00a0\u00bb en italien), la sculpture fait environ 150 cm sur 150 cm. Selon l\u2019auteur, \u00ab\u00a0Io Sono\u00a0\u00bb est le portrait de quiconque prononce ou pense au titre devant l\u2019espace vide\u00a0\u00bb, confie-t-il au Monde. L\u2019existence de cette cr\u00e9ation tourne donc autour de la libert\u00e9 d\u2019interpr\u00e9tation l\u2019auteur a tent\u00e9 de se justifier \u00e0 plusieurs reprises \u00ab\u00a0Ne rien voir rend fou. S\u2019il est mal interpr\u00e9t\u00e9, le vide cr\u00e9e des angoisses\u00a0\u00bb, mais certains observateurs ne sont toujours pas convaincus.\u00a0<\/p>\n<p>En plus d\u2019\u00eatre difficilement observable, la sculpture est tr\u00e8s exigeante, elle a tout un mode d\u2019emploi \u00e0 respecter. Io Sono doit \u00eatre install\u00e9e au sein d\u2019une maison priv\u00e9e, au centre d\u2019une pi\u00e8ce d\u00e9gag\u00e9e, dans un carr\u00e9 de 150 centim\u00e8tres sur 150, d\u00e9limit\u00e9 par du ruban adh\u00e9sif au sol.<\/p>\n","protected":false},"excerpt":{"rendered":"En 2021, un carr\u00e9 de vide baptis\u00e9 Io Sono a \u00e9t\u00e9 vendu aux ench\u00e8res pour 15 000 euros.&hellip;\n","protected":false},"author":2,"featured_media":324344,"comment_status":"","ping_status":"","sticky":false,"template":"","format":"standard","meta":{"footnotes":""},"categories":[1358],"tags":[47,1348,1384,1385,1386,58,59,674,1011,27,6335,1922,74,7224],"class_list":{"0":"post-324343","1":"post","2":"type-post","3":"status-publish","4":"format-standard","5":"has-post-thumbnail","7":"category-arts-et-design","8":"tag-actualite","9":"tag-arts","10":"tag-arts-and-design","11":"tag-arts-et-design","12":"tag-design","13":"tag-divertissement","14":"tag-entertainment","15":"tag-europe","16":"tag-fr","17":"tag-france","18":"tag-home-page","19":"tag-info","20":"tag-monde","21":"tag-newsletter-soir"},"share_on_mastodon":{"url":"https:\/\/pubeurope.com\/@fr\/115042729574509398","error":""},"_links":{"self":[{"href":"https:\/\/www.europesays.com\/fr\/wp-json\/wp\/v2\/posts\/324343","targetHints":{"allow":["GET"]}}],"collection":[{"href":"https:\/\/www.europesays.com\/fr\/wp-json\/wp\/v2\/posts"}],"about":[{"href":"https:\/\/www.europesays.com\/fr\/wp-json\/wp\/v2\/types\/post"}],"author":[{"embeddable":true,"href":"https:\/\/www.europesays.com\/fr\/wp-json\/wp\/v2\/users\/2"}],"replies":[{"embeddable":true,"href":"https:\/\/www.europesays.com\/fr\/wp-json\/wp\/v2\/comments?post=324343"}],"version-history":[{"count":0,"href":"https:\/\/www.europesays.com\/fr\/wp-json\/wp\/v2\/posts\/324343\/revisions"}],"wp:featuredmedia":[{"embeddable":true,"href":"https:\/\/www.europesays.com\/fr\/wp-json\/wp\/v2\/media\/324344"}],"wp:attachment":[{"href":"https:\/\/www.europesays.com\/fr\/wp-json\/wp\/v2\/media?parent=324343"}],"wp:term":[{"taxonomy":"category","embeddable":true,"href":"https:\/\/www.europesays.com\/fr\/wp-json\/wp\/v2\/categories?post=324343"},{"taxonomy":"post_tag","embeddable":true,"href":"https:\/\/www.europesays.com\/fr\/wp-json\/wp\/v2\/tags?post=324343"}],"curies":[{"name":"wp","href":"https:\/\/api.w.org\/{rel}","templated":true}]}}