{"id":324361,"date":"2025-08-17T06:46:15","date_gmt":"2025-08-17T06:46:15","guid":{"rendered":"https:\/\/www.europesays.com\/fr\/324361\/"},"modified":"2025-08-17T06:46:15","modified_gmt":"2025-08-17T06:46:15","slug":"new-york-mise-sur-le-tourisme-de-luxe-pour-booster-son-attractivite-mondiale-actualites","status":"publish","type":"post","link":"https:\/\/www.europesays.com\/fr\/324361\/","title":{"rendered":"New York mise sur le tourisme de luxe pour booster son attractivit\u00e9 mondiale : Actualit\u00e9s"},"content":{"rendered":"<p class=\"lead \"><strong>Avec 64,5 millions de visiteurs en 2024, dont plus de 10 millions \u00e0 haut pouvoir d\u2019achat, New York fait du haut de gamme un pilier strat\u00e9gique de son mod\u00e8le touristique. Une orientation assum\u00e9e qui g\u00e9n\u00e8re 79 milliards de retomb\u00e9es \u00e9conomiques, partage BFM TV.<\/strong><\/p>\n<p class=\"lead \">En 2024, New York a accueilli 64,5 millions de visiteurs, signant son deuxi\u00e8me meilleur score historique. Mais la tendance ne se joue pas seulement en volume : la ville s\u2019impose d\u00e9sormais sur le segment premium, avec 10,7 millions de voyageurs \u00e0 haut revenu (+23 % par rapport \u00e0 2019), ainsi que le rapporte <a href=\"https:\/\/www.bfmtv.com\/luxe\/comment-la-ville-de-new-york-mise-sur-le-tourisme-de-luxe-pour-soutenir-sa-croissance_AV-202508160198.html\" target=\"_blank\" rel=\"nofollow noopener\">BFM TV<\/a> dans un article consacr\u00e9 au sujet. Selon Julie Coker, la pr\u00e9sidente de New York City Tourism + Conventions, les voyageurs \u201chaut de gamme\u201d auraient un impact \u00e9conomique \u201ctrois fois sup\u00e9rieur \u00e0 la moyenne\u201d. Aussi, leur fid\u00e9lisation est devenue \u201cstrat\u00e9gique\u201d pour l\u2019\u00e9conomie de la ville, qui se construit d\u00e9sormais \u00e9galement \u201cautour d\u2019une offre \u00e0 la fois inclusive, durable et hautement qualitative\u201d.<\/p>\n<p>                                                                                                79 milliards de retomb\u00e9es<\/p>\n<p class=\"lead \">Et les chiffres parlent d\u2019eux-m\u00eames : 79 milliards de retomb\u00e9es, dont 51 milliards de d\u00e9penses directes, rapporte le m\u00e9dia. Quant \u00e0 la France, elle repr\u00e9sente le troisi\u00e8me march\u00e9 source pour la Grosse Pomme, avec pas moins de 788 000 visiteurs et 1,6 milliard de dollars d\u00e9pens\u00e9s en 2024. Comment ces tr\u00e8s riches occupent-ils leur s\u00e9jour ? Au choix &#8211; et selon une liste non exhaustive &#8211; par une visite priv\u00e9e du tr\u00e8s c\u00e9l\u00e8bre mus\u00e9e Met, d\u2019un parcours culinaire \u00e0 Harlem ou encore d\u2019un essayage haute couture dans le quartier de SoHo.<\/p>\n<p class=\"lead \">Par cons\u00e9quent, la mont\u00e9e en gamme se r\u00e9percute sur les secteurs de l&rsquo;h\u00f4tellerie et la gastronomie, via l\u2019ouverture de nouvelles tables \u00e9toil\u00e9es et d\u2019\u00e9tablissements cossus comme le Waldorf Astoria, avec son spa Guerlain. La France, justement, repr\u00e9sente le troisi\u00e8me march\u00e9 source pour la Grosse Pomme, avec pas moins de 788 000 visiteurs et 1,6 milliard de dollars d\u00e9pens\u00e9s en 2024, poursuit BFM TV.<\/p>\n<p class=\"lead \">R\u00e9sultat, il faut d\u00e9sormais pour acc\u00e9der au r\u00eave new-yorkais mettre la main au portefeuille : comptez 301 dollars en moyenne la nuit\u00e9e en 2023. <\/p>\n<p class=\"small font-weight-bold text-gray3 \"> publi\u00e9 le 16 ao\u00fbt \u00e0 19h55, Marion Gauvain, 6Medias<\/p>\n<p>                             Partager<\/p>\n","protected":false},"excerpt":{"rendered":"Avec 64,5 millions de visiteurs en 2024, dont plus de 10 millions \u00e0 haut pouvoir d\u2019achat, New York&hellip;\n","protected":false},"author":2,"featured_media":324362,"comment_status":"","ping_status":"","sticky":false,"template":"","format":"standard","meta":{"footnotes":""},"categories":[6],"tags":[35,33,34,1011,27],"class_list":{"0":"post-324361","1":"post","2":"type-post","3":"status-publish","4":"format-standard","5":"has-post-thumbnail","7":"category-economie","8":"tag-business","9":"tag-economie","10":"tag-economy","11":"tag-fr","12":"tag-france"},"share_on_mastodon":{"url":"https:\/\/pubeurope.com\/@fr\/115042765330804088","error":""},"_links":{"self":[{"href":"https:\/\/www.europesays.com\/fr\/wp-json\/wp\/v2\/posts\/324361","targetHints":{"allow":["GET"]}}],"collection":[{"href":"https:\/\/www.europesays.com\/fr\/wp-json\/wp\/v2\/posts"}],"about":[{"href":"https:\/\/www.europesays.com\/fr\/wp-json\/wp\/v2\/types\/post"}],"author":[{"embeddable":true,"href":"https:\/\/www.europesays.com\/fr\/wp-json\/wp\/v2\/users\/2"}],"replies":[{"embeddable":true,"href":"https:\/\/www.europesays.com\/fr\/wp-json\/wp\/v2\/comments?post=324361"}],"version-history":[{"count":0,"href":"https:\/\/www.europesays.com\/fr\/wp-json\/wp\/v2\/posts\/324361\/revisions"}],"wp:featuredmedia":[{"embeddable":true,"href":"https:\/\/www.europesays.com\/fr\/wp-json\/wp\/v2\/media\/324362"}],"wp:attachment":[{"href":"https:\/\/www.europesays.com\/fr\/wp-json\/wp\/v2\/media?parent=324361"}],"wp:term":[{"taxonomy":"category","embeddable":true,"href":"https:\/\/www.europesays.com\/fr\/wp-json\/wp\/v2\/categories?post=324361"},{"taxonomy":"post_tag","embeddable":true,"href":"https:\/\/www.europesays.com\/fr\/wp-json\/wp\/v2\/tags?post=324361"}],"curies":[{"name":"wp","href":"https:\/\/api.w.org\/{rel}","templated":true}]}}