{"id":324363,"date":"2025-08-17T06:47:10","date_gmt":"2025-08-17T06:47:10","guid":{"rendered":"https:\/\/www.europesays.com\/fr\/324363\/"},"modified":"2025-08-17T06:47:10","modified_gmt":"2025-08-17T06:47:10","slug":"des-documents-confidentiels-oublies-par-les-americains-dans-une-imprimante-en-alaska","status":"publish","type":"post","link":"https:\/\/www.europesays.com\/fr\/324363\/","title":{"rendered":"des documents confidentiels oubli\u00e9s par les Am\u00e9ricains dans une imprimante en Alaska"},"content":{"rendered":"<p>Le document, qui d\u00e9taille la fa\u00e7on dont devait se tenir le sommet entre les dirigeants russe et am\u00e9ricain vendredi 15 ao\u00fbt, d\u00e9voile le programme initialement pr\u00e9vu par l\u2019\u00e9quipe am\u00e9ricaine, rapporte NPR.<\/p>\n<p class=\"fig-paragraph\">Huit pages (voir ci-dessous) \u00abproduites par le bureau du chef du protocole\u00bb am\u00e9ricain ont \u00e9t\u00e9 retrouv\u00e9es dans l\u2019imprimante d\u2019un h\u00f4tel en Alaska au moment du\u00a0<a href=\"http:\/\/www.lefigaro.fr\/international\/guerre-en-ukraine-vladimir-poutine-sort-renforce-d-un-sommet-avec-donald-trump-qui-fait-pschitt-20250816\" target=\"_blank\" data-fig-type=\"Article\" rel=\"noopener\" data-gtm-custom-categorie=\"navigation\" data-gtm-custom-action=\"crossclick\" data-gtm-custom-label=\"Contextuel\" data-gtm-event=\"customEventSPE\" data-fig-domain=\"LEFIGARO\">sommet entre Vladimir Poutine et Donald Trump<\/a>,\u00a0<a href=\"https:\/\/www.npr.org\/2025\/08\/16\/nx-s1-5504196\/trump-putin-summit-documents-left-behind\" target=\"_blank\" rel=\"sponsored noopener\" data-gtm-custom-categorie=\"navigation\" data-gtm-custom-action=\"crossclick\" data-gtm-custom-label=\"Contextuel\" data-gtm-event=\"customEventSPE\">rapporte le m\u00e9dia am\u00e9ricain NPR<\/a>. Le document, qui d\u00e9taille la fa\u00e7on dont devait se tenir le sommet entre les dirigeants russe et am\u00e9ricain, d\u00e9voile le programme initialement pr\u00e9vu par l\u2019\u00e9quipe am\u00e9ricaine.<\/p>\n<p class=\"fig-paragraph\">Donald Trump comptait ainsi offrir au pr\u00e9sident russe une \u00abstatue de bureau de l\u2019aigle \u00e0 t\u00eate blanche am\u00e9ricain\u00bb &#8211;\u00a0sans que l\u2019on sache si ce cadeau a effectivement \u00e9t\u00e9 offert. La suite du document liste le nom des participants, leur prononciation phon\u00e9tique et leurs photos ainsi que le \u00abplan de table des n\u00e9gociations\u00bb au moment du d\u00e9jeuner entre Poutine et Trump &#8211; repas qui n\u2019a finalement pas eu lieu. Enfin, les pages oubli\u00e9es pr\u00e9voyaient une conf\u00e9rence de presse d\u2019une heure trente &#8211; qui a finalement dur\u00e9 en tout et pour tout 12 minutes.<\/p>\n<p>                                    <a class=\"fig-a11y-skip a11y-hidden\" href=\"#fig-a11y-skip-main-inarticle\"><br \/>\n        Passer la publicit\u00e9<br \/>\n    <\/a><\/p>\n<p class=\"fig-paragraph\">Le D\u00e9partement d\u2019\u00c9tat am\u00e9ricain n\u2019a pas r\u00e9pondu aux sollicitations de NPR. Et la porte-parole adjointe de la Maison Blanche, Anna Kelly, a qualifi\u00e9 ces documents de \u00abmenu de d\u00e9jeuner de plusieurs pages\u00bb et a sugg\u00e9r\u00e9 que laisser ces informations sur une imprimante publique ne constituait pas une faille de s\u00e9curit\u00e9.<\/p>\n","protected":false},"excerpt":{"rendered":"Le document, qui d\u00e9taille la fa\u00e7on dont devait se tenir le sommet entre les dirigeants russe et am\u00e9ricain&hellip;\n","protected":false},"author":2,"featured_media":324364,"comment_status":"","ping_status":"","sticky":false,"template":"","format":"standard","meta":{"footnotes":""},"categories":[5],"tags":[11,75,1011,27,131,14,12,135,28],"class_list":{"0":"post-324363","1":"post","2":"type-post","3":"status-publish","4":"format-standard","5":"has-post-thumbnail","7":"category-international","8":"tag-actualites","9":"tag-donald-trump","10":"tag-fr","11":"tag-france","12":"tag-guerre-en-ukraine","13":"tag-international","14":"tag-news","15":"tag-vladimir-poutine","16":"tag-world"},"share_on_mastodon":{"url":"https:\/\/pubeurope.com\/@fr\/115042768900426391","error":""},"_links":{"self":[{"href":"https:\/\/www.europesays.com\/fr\/wp-json\/wp\/v2\/posts\/324363","targetHints":{"allow":["GET"]}}],"collection":[{"href":"https:\/\/www.europesays.com\/fr\/wp-json\/wp\/v2\/posts"}],"about":[{"href":"https:\/\/www.europesays.com\/fr\/wp-json\/wp\/v2\/types\/post"}],"author":[{"embeddable":true,"href":"https:\/\/www.europesays.com\/fr\/wp-json\/wp\/v2\/users\/2"}],"replies":[{"embeddable":true,"href":"https:\/\/www.europesays.com\/fr\/wp-json\/wp\/v2\/comments?post=324363"}],"version-history":[{"count":0,"href":"https:\/\/www.europesays.com\/fr\/wp-json\/wp\/v2\/posts\/324363\/revisions"}],"wp:featuredmedia":[{"embeddable":true,"href":"https:\/\/www.europesays.com\/fr\/wp-json\/wp\/v2\/media\/324364"}],"wp:attachment":[{"href":"https:\/\/www.europesays.com\/fr\/wp-json\/wp\/v2\/media?parent=324363"}],"wp:term":[{"taxonomy":"category","embeddable":true,"href":"https:\/\/www.europesays.com\/fr\/wp-json\/wp\/v2\/categories?post=324363"},{"taxonomy":"post_tag","embeddable":true,"href":"https:\/\/www.europesays.com\/fr\/wp-json\/wp\/v2\/tags?post=324363"}],"curies":[{"name":"wp","href":"https:\/\/api.w.org\/{rel}","templated":true}]}}