{"id":324365,"date":"2025-08-17T06:48:15","date_gmt":"2025-08-17T06:48:15","guid":{"rendered":"https:\/\/www.europesays.com\/fr\/324365\/"},"modified":"2025-08-17T06:48:15","modified_gmt":"2025-08-17T06:48:15","slug":"semaine-du-17-aout-faut-il-sinquieter-du-manque-deau-dans-le-nord-les-risques-pour-votre-sante-vos-plantes-et-leau-du-robinet-a-surveiller","status":"publish","type":"post","link":"https:\/\/www.europesays.com\/fr\/324365\/","title":{"rendered":"Semaine du 17 ao\u00fbt : faut-il s\u2019inqui\u00e9ter du manque d\u2019eau dans le nord ? Les risques pour votre sant\u00e9, vos plantes et l\u2019eau du robinet \u00e0 surveiller"},"content":{"rendered":"<p>Depuis quelques semaines, les conversations au march\u00e9, \u00e0 la boulangerie ou sur le pas de la porte tournent souvent autour du ciel : <strong>la pluie tarde \u00e0 venir<\/strong>, et dans le nord de la France, on commence \u00e0 regarder la r\u00e9serve d&rsquo;eau diff\u00e9remment. Les flaques qui s&rsquo;\u00e9vaporent avant la mi-journ\u00e9e, les jardins qui jaunissent, les arrosoirs qui restent d\u00e9sesp\u00e9r\u00e9ment vides&#8230; La question n&rsquo;est plus anodine : <strong>faut-il s&rsquo;inqui\u00e9ter du manque d&rsquo;eau alors que la chaleur s&rsquo;installe pour la semaine du 17 ao\u00fbt<\/strong> ? Impact sur la sant\u00e9, sur nos plantes, sur la qualit\u00e9 de l&rsquo;eau potable : la s\u00e9cheresse n&rsquo;est pas qu&rsquo;une affaire de records m\u00e9t\u00e9o \u2014 elle p\u00e8se, concr\u00e8tement, sur la vie quotidienne des habitants du nord.<\/p>\n<p>Une s\u00e9cheresse qui inqui\u00e8te : pourquoi le nord de la France regarde ses robinets d&rsquo;un autre \u0153il<\/p>\n<p>Le printemps 2025 a accumul\u00e9 un <strong>d\u00e9ficit de pr\u00e9cipitations<\/strong> in\u00e9gal\u00e9 depuis pr\u00e8s d&rsquo;une d\u00e9cennie. R\u00e9sultat : \u00e0 l&rsquo;approche du c\u0153ur de l&rsquo;\u00e9t\u00e9, la situation devient pr\u00e9occupante. Les sols sont secs, les rivi\u00e8res affichent un d\u00e9bit minimal et les familles surveillent leur consommation. Mais pourquoi cette ann\u00e9e, le manque d&rsquo;eau alarme-t-il autant dans une r\u00e9gion pourtant r\u00e9put\u00e9e pour son climat humide ?<\/p>\n<p>L&rsquo;eau se fait rare : comment le d\u00e9ficit de pluie chamboule le quotidien et les habitudes<br \/>\nLes nappes phr\u00e9atiques en tension : comprendre l&rsquo;ampleur du manque<\/p>\n<p>Alors que le nord b\u00e9n\u00e9ficie d&rsquo;ordinaire d&rsquo;une <strong>alimentation r\u00e9guli\u00e8re en eau<\/strong>, le manque de pluie depuis le printemps 2025 p\u00e8se lourdement sur les r\u00e9serves. Les <strong>nappes phr\u00e9atiques<\/strong>, habituellement recharg\u00e9es au fil des averses, ont vu leur niveau chuter bien plus t\u00f4t que pr\u00e9vu. Beaucoup sont d\u00e9j\u00e0 en-dessous de leur seuil d&rsquo;alerte, une situation qui n&rsquo;est g\u00e9n\u00e9ralement observ\u00e9e qu&rsquo;\u00e0 la fin de l&rsquo;\u00e9t\u00e9.<\/p>\n<p>Restrictions, alertes et inqui\u00e9tudes : ce que change la s\u00e9cheresse pour vous<\/p>\n<p>Les cons\u00e9quences ne se font pas attendre. Dans de nombreuses communes, <strong>restrictions d&rsquo;arrosage<\/strong>, interdiction de remplir les piscines et conseils pour r\u00e9duire sa consommation sont d\u00e9sormais la norme. Les arr\u00eat\u00e9s municipaux fleurissent sur les portails et les r\u00e9seaux sociaux. Il ne s&rsquo;agit pas seulement de faire attention, mais bien d&rsquo;<strong>adapter ses gestes<\/strong> pour \u00e9viter une rupture d&rsquo;approvisionnement ou une d\u00e9gradation de la qualit\u00e9 de l&rsquo;eau potable.<\/p>\n<p> Quand la m\u00e9t\u00e9o bouleverse la vie dans les communes du nord<\/p>\n<p>Des pelouses jaunies devant les mairies, des coquelicots qui baissent la t\u00eate plus vite qu&rsquo;\u00e0 l&rsquo;accoutum\u00e9e, des fontaines locales mises \u00e0 l&rsquo;arr\u00eat&#8230; Les signes de la s\u00e9cheresse s&rsquo;accumulent. <strong>L&rsquo;eau devient une pr\u00e9occupation collective<\/strong> : les conseils municipaux organisent des r\u00e9unions, les habitants s&rsquo;interrogent sur la dur\u00e9e et la s\u00e9v\u00e9rit\u00e9 du ph\u00e9nom\u00e8ne. Derri\u00e8re la m\u00e9t\u00e9o, c&rsquo;est tout un mode de vie qui se trouve bouscul\u00e9.<\/p>\n<p>Risques pour la sant\u00e9 et les plantes : quand le manque d&rsquo;eau met les organismes \u00e0 rude \u00e9preuve<br \/>\nHydratation, alimentation, hygi\u00e8ne : les premiers concern\u00e9s<\/p>\n<p>Lorsque la chaleur s&rsquo;installe et que l&rsquo;eau manque, <strong>la vigilance s&rsquo;impose<\/strong>. Boire suffisamment reste la priorit\u00e9, surtout pour les personnes \u00e2g\u00e9es, les enfants ou les personnes fragiles. Un d\u00e9ficit l\u00e9ger en eau peut entra\u00eener rapidement <strong>fatigue, maux de t\u00eate, troubles digestifs, voire malaise<\/strong>. \u00c0 la maison, r\u00e9duire sa consommation d&rsquo;eau ne doit jamais se faire au d\u00e9triment de l&rsquo;hygi\u00e8ne ou de l&rsquo;alimentation.<\/p>\n<p>Les jardins en souffrance : impact sur les potagers, arbres et fleurs<\/p>\n<p><strong>Jardiniers et amateurs d&rsquo;espaces verts<\/strong> sont les premiers t\u00e9moins du stress hydrique. Tomates qui craqu\u00e8lent, fleurs qui fanent pr\u00e9matur\u00e9ment, l\u00e9gumes poussant difficilement : le <strong>manque d&rsquo;eau affaiblit les plantes<\/strong>, les rend plus vuln\u00e9rables aux maladies et aux parasites. Adapter ses cultures, pailler soigneusement, arroser t\u00f4t le matin ou tard le soir devient alors indispensable pour esp\u00e9rer r\u00e9colter quelques l\u00e9gumes sains \u00e0 la rentr\u00e9e.<\/p>\n<p> Les agriculteurs du nord en premi\u00e8re ligne face \u00e0 la s\u00e9cheresse<\/p>\n<p>La s\u00e9cheresse actuelle met \u00e0 mal <strong>l&rsquo;agriculture r\u00e9gionale<\/strong>. Moins d&rsquo;herbe pour les animaux, rendements en baisse dans les champs, n\u00e9cessit\u00e9 de puiser davantage dans les r\u00e9serves&#8230; Les professionnels s&rsquo;adaptent tant bien que mal, mais certains redoutent d\u00e9j\u00e0 une <strong>diminution des productions locales<\/strong> pour la fin de l&rsquo;ann\u00e9e. Ce ralentissement pourrait aussi impacter l&rsquo;offre en circuits courts et la fra\u00eecheur des produits sur les \u00e9tals.<\/p>\n<p>Eau du robinet sous surveillance : faut-il craindre une d\u00e9gradation de la qualit\u00e9 ?<br \/>\nContr\u00f4les renforc\u00e9s, messages officiels : ce que disent les autorit\u00e9s<\/p>\n<p>Aujourd&rsquo;hui, <strong>l&rsquo;eau reste globalement potable<\/strong>, mais sous stricte surveillance. Les habitants du nord remarqueront peut-\u00eatre une odeur de chlore plus pr\u00e9sente, ou un go\u00fbt diff\u00e9rent lors d&rsquo;un \u00e9pisode prolong\u00e9 de s\u00e9cheresse. Les autorit\u00e9s sanitaires multiplient les contr\u00f4les pour \u00e9viter tout risque de <strong>pollution ou de concentration inhabituelle de nitrates et de pesticides<\/strong>. En cas de doute, elles publient rapidement des <strong>avis officiels<\/strong> et des consignes \u00e0 suivre.<\/p>\n<p> Comment pr\u00e9server l&rsquo;eau au quotidien et se pr\u00e9munir des risques<\/p>\n<p>Quelques gestes simples et efficaces s&rsquo;imposent :<\/p>\n<ul>\n<li><strong>Fermer le robinet pendant le brossage de dents ou la vaisselle<\/strong><\/li>\n<li><strong>Limiter les douches longues<\/strong><\/li>\n<li><strong>R\u00e9cup\u00e9rer l&rsquo;eau de pluie pour arroser les plantes<\/strong><\/li>\n<li><strong>Utiliser le lave-linge ou le lave-vaisselle uniquement \u00e0 plein chargement<\/strong><\/li>\n<\/ul>\n<p>Attention aussi aux <strong>fausses bonnes id\u00e9es<\/strong> : stocker de grandes quantit\u00e9s d&rsquo;eau du robinet dans des bidons mal propres ou longtemps \u00e0 temp\u00e9rature ambiante peut favoriser le d\u00e9veloppement de bact\u00e9ries. <strong>Boire l&rsquo;eau du robinet reste s\u00fbr tant qu&rsquo;aucun avis contraire n&rsquo;est \u00e9mis<\/strong>.<\/p>\n<p>Le r\u00f4le des citoyens pour pr\u00e9server la ressource : chacun peut agir<\/p>\n<p>En p\u00e9riode de tension, <strong>chaque litre compte<\/strong>. Agir \u00e0 son \u00e9chelle, c&rsquo;est permettre \u00e0 tous d&rsquo;acc\u00e9der \u00e0 l&rsquo;eau potable et d&rsquo;\u00e9viter les coupures, surtout dans les communes les plus impact\u00e9es. Parler autour de soi, relayer les gestes simples, signaler toute fuite ou anomalie&#8230; autant d&rsquo;initiatives qui font la diff\u00e9rence durant un \u00e9pisode de s\u00e9cheresse marqu\u00e9e.<\/p>\n<p>Vigilance et adaptation : les bons r\u00e9flexes pour surmonter la s\u00e9cheresse ensemble<\/p>\n<p>La s\u00e9cheresse de l&rsquo;\u00e9t\u00e9 2025 dans le nord de la France, cons\u00e9quence directe d&rsquo;un <strong>d\u00e9ficit de pr\u00e9cipitations accumul\u00e9 depuis le printemps<\/strong>, remet chacun face \u00e0 ses responsabilit\u00e9s. Il ne s&rsquo;agit plus uniquement de m\u00e9t\u00e9o, mais bien d&rsquo;un enjeu de sant\u00e9, d&rsquo;alimentation et de coh\u00e9sion. En prenant de bonnes habitudes, en restant inform\u00e9s et solidaires, il est possible de passer ce cap difficile sans drame. L&rsquo;eau est pr\u00e9cieuse, surtout quand elle se fait rare \u2014 \u00e0 nous tous de la pr\u00e9server, pour aujourd&rsquo;hui et pour demain.<\/p>\n","protected":false},"excerpt":{"rendered":"Depuis quelques semaines, les conversations au march\u00e9, \u00e0 la boulangerie ou sur le pas de la porte tournent&hellip;\n","protected":false},"author":2,"featured_media":324366,"comment_status":"","ping_status":"","sticky":false,"template":"","format":"standard","meta":{"footnotes":""},"categories":[4],"tags":[11,1011,27,2487,12,56,25,5426],"class_list":{"0":"post-324365","1":"post","2":"type-post","3":"status-publish","4":"format-standard","5":"has-post-thumbnail","7":"category-france","8":"tag-actualites","9":"tag-fr","10":"tag-france","11":"tag-meteo","12":"tag-news","13":"tag-push","14":"tag-republique-francaise","15":"tag-temps"},"share_on_mastodon":{"url":"https:\/\/pubeurope.com\/@fr\/115042772940570808","error":""},"_links":{"self":[{"href":"https:\/\/www.europesays.com\/fr\/wp-json\/wp\/v2\/posts\/324365","targetHints":{"allow":["GET"]}}],"collection":[{"href":"https:\/\/www.europesays.com\/fr\/wp-json\/wp\/v2\/posts"}],"about":[{"href":"https:\/\/www.europesays.com\/fr\/wp-json\/wp\/v2\/types\/post"}],"author":[{"embeddable":true,"href":"https:\/\/www.europesays.com\/fr\/wp-json\/wp\/v2\/users\/2"}],"replies":[{"embeddable":true,"href":"https:\/\/www.europesays.com\/fr\/wp-json\/wp\/v2\/comments?post=324365"}],"version-history":[{"count":0,"href":"https:\/\/www.europesays.com\/fr\/wp-json\/wp\/v2\/posts\/324365\/revisions"}],"wp:featuredmedia":[{"embeddable":true,"href":"https:\/\/www.europesays.com\/fr\/wp-json\/wp\/v2\/media\/324366"}],"wp:attachment":[{"href":"https:\/\/www.europesays.com\/fr\/wp-json\/wp\/v2\/media?parent=324365"}],"wp:term":[{"taxonomy":"category","embeddable":true,"href":"https:\/\/www.europesays.com\/fr\/wp-json\/wp\/v2\/categories?post=324365"},{"taxonomy":"post_tag","embeddable":true,"href":"https:\/\/www.europesays.com\/fr\/wp-json\/wp\/v2\/tags?post=324365"}],"curies":[{"name":"wp","href":"https:\/\/api.w.org\/{rel}","templated":true}]}}