{"id":324369,"date":"2025-08-17T06:51:13","date_gmt":"2025-08-17T06:51:13","guid":{"rendered":"https:\/\/www.europesays.com\/fr\/324369\/"},"modified":"2025-08-17T06:51:13","modified_gmt":"2025-08-17T06:51:13","slug":"un-nouveau-concept-store-marie-parfumerie-de-luxe-a-saint-etienne","status":"publish","type":"post","link":"https:\/\/www.europesays.com\/fr\/324369\/","title":{"rendered":"UN NOUVEAU CONCEPT STORE MARIE PARFUMERIE DE LUXE \u00c0 SAINT-\u00c9TIENNE"},"content":{"rendered":"<p>                <a href=\"https:\/\/cadenceradio.fr\" target=\"_blank\" aria-label=\"Banni\u00e8re Cadence 2025\" rel=\"nofollow noopener\"><img loading=\"lazy\" decoding=\"async\" src=\"https:\/\/www.europesays.com\/fr\/wp-content\/uploads\/2025\/07\/Banniere-Cadence-2025-scaled.jpg\" alt=\"\"   width=\"2560\" height=\"738\"\/><\/a><\/p>\n<p>Cette adresse accueille d\u00e9sormais un projet commercial original qui associe fragrances haut de gamme et expositions artistiques. Les cr\u00e9ateurs de ce lieu atypique pr\u00e9parent actuellement une mont\u00e9e en puissance pr\u00e9vue pour septembre.<\/p>\n<p>L\u2019inspiration n\u00e9e d\u2019un patrimoine artistique<\/p>\n<p>Chlo\u00e9 Therme, qui supervise les activit\u00e9s de la boutique Art &amp; Fragrances, explique que le choix de ce local n\u2019est pas fortuit. L\u2019espace, riche en histoire, servait pr\u00e9c\u00e9demment de galerie d\u2019art, ce qui a naturellement orient\u00e9 la conception du projet vers cette double vocation culturelle et commerciale.<\/p>\n<p>La gen\u00e8se de cette entreprise remonte \u00e0 la collaboration entre Chlo\u00e9 Therme et son futur partenaire commercial, qu\u2019elle a d\u2019abord c\u00f4toy\u00e9 dans le secteur de la communication digitale. Lorsque ce dernier a fait l\u2019acquisition d\u2019une soci\u00e9t\u00e9 de commerce \u00e9lectronique sp\u00e9cialis\u00e9e dans les fragrances, le si\u00e8ge de l\u2019activit\u00e9 s\u2019est install\u00e9 rue de la R\u00e9publique, donnant naissance \u00e0 leur collaboration et au concept store.<\/p>\n<p>Une s\u00e9lection de fragrances d\u2019exception<\/p>\n<p>L\u2019\u00e9tablissement se positionne sur le cr\u00e9neau de la parfumerie de niche, proposant des cr\u00e9ations olfactives sophistiqu\u00e9es au sein d\u2019un environnement artistique. Actuellement, les visiteurs peuvent d\u00e9couvrir les \u0153uvres de Bato, cr\u00e9ateur camerounais form\u00e9 aux beaux-arts st\u00e9phanois, reconnu pour ses portraits monumentaux.<\/p>\n<p>Du c\u00f4t\u00e9 des fragrances, l\u2019offre se concentre sur des maisons comme Carner Barcelona, Xerjoff ou Orto Parisi, des r\u00e9f\u00e9rences absentes des circuits de distribution traditionnels. Cette exclusivit\u00e9 se refl\u00e8te dans les tarifs, avec un prix d\u2019entr\u00e9e fix\u00e9 aux alentours de 185 euros pour un flacon de 50 millilitres.<\/p>\n<p>Un d\u00e9veloppement programm\u00e9 pour la rentr\u00e9e<\/p>\n<p>Bien que l\u2019inauguration ait eu lieu l\u2019ann\u00e9e pass\u00e9e, l\u2019\u00e9quipe reconna\u00eet avoir privil\u00e9gi\u00e9 la mise en place op\u00e9rationnelle plut\u00f4t que la communication. Une nouvelle recrue rejoindra l\u2019\u00e9quipe en septembre pour dynamiser l\u2019activit\u00e9 commerciale.<\/p>\n<p><strong>Adresse : 27 rue de la R\u00e9publique, \u00e0 Saint-Etienne<\/strong>.<\/p>\n","protected":false},"excerpt":{"rendered":"Cette adresse accueille d\u00e9sormais un projet commercial original qui associe fragrances haut de gamme et expositions artistiques. Les&hellip;\n","protected":false},"author":2,"featured_media":324370,"comment_status":"","ping_status":"","sticky":false,"template":"","format":"standard","meta":{"footnotes":""},"categories":[9653],"tags":[1111,11,2430,1777,674,1011,27,3367,12,25,4001],"class_list":{"0":"post-324369","1":"post","2":"type-post","3":"status-publish","4":"format-standard","5":"has-post-thumbnail","7":"category-saint-etienne","8":"tag-actu","9":"tag-actualites","10":"tag-auvergne-rhone-alpes","11":"tag-eu","12":"tag-europe","13":"tag-fr","14":"tag-france","15":"tag-loire","16":"tag-news","17":"tag-republique-francaise","18":"tag-saint-etienne"},"share_on_mastodon":{"url":"https:\/\/pubeurope.com\/@fr\/115042784612718015","error":""},"_links":{"self":[{"href":"https:\/\/www.europesays.com\/fr\/wp-json\/wp\/v2\/posts\/324369","targetHints":{"allow":["GET"]}}],"collection":[{"href":"https:\/\/www.europesays.com\/fr\/wp-json\/wp\/v2\/posts"}],"about":[{"href":"https:\/\/www.europesays.com\/fr\/wp-json\/wp\/v2\/types\/post"}],"author":[{"embeddable":true,"href":"https:\/\/www.europesays.com\/fr\/wp-json\/wp\/v2\/users\/2"}],"replies":[{"embeddable":true,"href":"https:\/\/www.europesays.com\/fr\/wp-json\/wp\/v2\/comments?post=324369"}],"version-history":[{"count":0,"href":"https:\/\/www.europesays.com\/fr\/wp-json\/wp\/v2\/posts\/324369\/revisions"}],"wp:featuredmedia":[{"embeddable":true,"href":"https:\/\/www.europesays.com\/fr\/wp-json\/wp\/v2\/media\/324370"}],"wp:attachment":[{"href":"https:\/\/www.europesays.com\/fr\/wp-json\/wp\/v2\/media?parent=324369"}],"wp:term":[{"taxonomy":"category","embeddable":true,"href":"https:\/\/www.europesays.com\/fr\/wp-json\/wp\/v2\/categories?post=324369"},{"taxonomy":"post_tag","embeddable":true,"href":"https:\/\/www.europesays.com\/fr\/wp-json\/wp\/v2\/tags?post=324369"}],"curies":[{"name":"wp","href":"https:\/\/api.w.org\/{rel}","templated":true}]}}