{"id":324383,"date":"2025-08-17T07:04:22","date_gmt":"2025-08-17T07:04:22","guid":{"rendered":"https:\/\/www.europesays.com\/fr\/324383\/"},"modified":"2025-08-17T07:04:22","modified_gmt":"2025-08-17T07:04:22","slug":"quentin-merlin-a-deja-oublie-lom","status":"publish","type":"post","link":"https:\/\/www.europesays.com\/fr\/324383\/","title":{"rendered":"Quentin Merlin a d\u00e9j\u00e0 oubli\u00e9 l\u2019OM"},"content":{"rendered":"<p>Passeur d\u00e9cisif pour permettre \u00e0 Ludovic Blas d\u2019inscrire le but de la victoire de <a href=\"https:\/\/www.footmercato.net\/club\/stade-rennais-fc\/\" rel=\"nofollow noopener\" target=\"_blank\">Rennes<\/a> contre l\u2019OM (1-0), lors du coup d\u2019envoi de la <a href=\"https:\/\/www.footmercato.net\/france\/ligue-1\/\" rel=\"nofollow noopener\" target=\"_blank\">Ligue 1<\/a> vendredi soir, <a href=\"https:\/\/www.footmercato.net\/joueur\/quentin-merlin\/\" rel=\"nofollow noopener\" target=\"_blank\">Quentin Merlin<\/a> a r\u00e9ussi ses d\u00e9buts sous ses nouvelles couleurs. \u00c0 l\u2019issue de la rencontre, l\u2019ancien Marseillais a confirm\u00e9 avoir tourn\u00e9 la page apr\u00e8s son d\u00e9part de l\u2019OM.<\/p>\n<p>            La suite apr\u00e8s cette publicit\u00e9<\/p>\n<p>\u00abAu coup de sifflet, tout s\u2019est \u00e9vapor\u00e9. On est dans le club qui les affronte, donc on est des ennemis. Apr\u00e8s, je les retrouverai \u00e0 la fin, on discutera un peu. Mais au moment du match, on oublie que ce sont nos anciens co\u00e9quipiers. C\u2019est fini, j\u2019ai tourn\u00e9 la page. Je me suis concentr\u00e9 sur le club o\u00f9 je suis actuellement. Je suis tr\u00e8s content d\u2019\u00eatre ici, et je vais me donner \u00e0 100 % jusqu\u2019\u00e0 la fin de la saison. Je suis totalement heureux d\u2019\u00eatre ici et fier d\u2019\u00eatre Rennais\u00bb, a assur\u00e9 le lat\u00e9ral gauche de 23 ans.<\/p>\n<p>\n    Pub. le 16\/08\/2025 09:35<br \/>\n            &#8211; MAJ le 16\/08\/2025 23:45\n    <\/p>\n","protected":false},"excerpt":{"rendered":"Passeur d\u00e9cisif pour permettre \u00e0 Ludovic Blas d\u2019inscrire le but de la victoire de Rennes contre l\u2019OM (1-0),&hellip;\n","protected":false},"author":2,"featured_media":324384,"comment_status":"","ping_status":"","sticky":false,"template":"","format":"standard","meta":{"footnotes":""},"categories":[2821],"tags":[1111,11,829,1777,674,1011,27,12,584,25],"class_list":{"0":"post-324383","1":"post","2":"type-post","3":"status-publish","4":"format-standard","5":"has-post-thumbnail","7":"category-rennes","8":"tag-actu","9":"tag-actualites","10":"tag-bretagne","11":"tag-eu","12":"tag-europe","13":"tag-fr","14":"tag-france","15":"tag-news","16":"tag-rennes","17":"tag-republique-francaise"},"share_on_mastodon":{"url":"https:\/\/pubeurope.com\/@fr\/115042835793766856","error":""},"_links":{"self":[{"href":"https:\/\/www.europesays.com\/fr\/wp-json\/wp\/v2\/posts\/324383","targetHints":{"allow":["GET"]}}],"collection":[{"href":"https:\/\/www.europesays.com\/fr\/wp-json\/wp\/v2\/posts"}],"about":[{"href":"https:\/\/www.europesays.com\/fr\/wp-json\/wp\/v2\/types\/post"}],"author":[{"embeddable":true,"href":"https:\/\/www.europesays.com\/fr\/wp-json\/wp\/v2\/users\/2"}],"replies":[{"embeddable":true,"href":"https:\/\/www.europesays.com\/fr\/wp-json\/wp\/v2\/comments?post=324383"}],"version-history":[{"count":0,"href":"https:\/\/www.europesays.com\/fr\/wp-json\/wp\/v2\/posts\/324383\/revisions"}],"wp:featuredmedia":[{"embeddable":true,"href":"https:\/\/www.europesays.com\/fr\/wp-json\/wp\/v2\/media\/324384"}],"wp:attachment":[{"href":"https:\/\/www.europesays.com\/fr\/wp-json\/wp\/v2\/media?parent=324383"}],"wp:term":[{"taxonomy":"category","embeddable":true,"href":"https:\/\/www.europesays.com\/fr\/wp-json\/wp\/v2\/categories?post=324383"},{"taxonomy":"post_tag","embeddable":true,"href":"https:\/\/www.europesays.com\/fr\/wp-json\/wp\/v2\/tags?post=324383"}],"curies":[{"name":"wp","href":"https:\/\/api.w.org\/{rel}","templated":true}]}}