{"id":324394,"date":"2025-08-17T07:12:16","date_gmt":"2025-08-17T07:12:16","guid":{"rendered":"https:\/\/www.europesays.com\/fr\/324394\/"},"modified":"2025-08-17T07:12:16","modified_gmt":"2025-08-17T07:12:16","slug":"la-passion-des-girondins-de-bordeaux-plus-forte-que-gerard-lopez-et-le-national-2","status":"publish","type":"post","link":"https:\/\/www.europesays.com\/fr\/324394\/","title":{"rendered":"la passion des Girondins de Bordeaux, plus forte que G\u00e9rard Lopez et le National\u00a02"},"content":{"rendered":"<p>Nouvelle saison en National\u00a02. Les Girondins de Bordeaux, l\u2019un des clubs fran\u00e7ais au plus grand palmar\u00e8s, <a href=\"https:\/\/www.sudouest.fr\/sport\/football\/girondins-de-bordeaux\/girondins-de-bordeaux-toujours-en-national-2-la-saison-du-redecollage-et-de-la-derniere-chance-25557263.php\" target=\"_blank\" rel=\"follow nofollow noopener\">encha\u00eene une deuxi\u00e8me ann\u00e9e au niveau amateur<\/a>. De quoi d\u00e9courager les supporters\u00a0? Pas vraiment. Pas moins de 11 953\u00a0spectateurs ont assist\u00e9 \u00e0 la rencontre <a href=\"https:\/\/www.sudouest.fr\/sport\/football\/national2\/direct-girondins-de-bordeaux-avranches-suivez-la-premiere-journee-de-national-2-en-live-sur-tv7-25576552.php\" target=\"_blank\" rel=\"follow nofollow noopener\">Bordeaux \u2013 Avranches<\/a>, ce samedi 16\u00a0ao\u00fbt au stade Atlantique, pour la reprise de la saison. Le virage sud \u00e9tait une nouvelle fois plein, avec pr\u00e8s de 4\u00a0000\u00a0personnes abonn\u00e9es.<\/p>\n<p>Devant les traditionnelles buvettes de Bordeaux-Lac, Fredy, 63\u00a0ans, et son fils Arnaud, 35\u00a0ans, ont leurs habitudes. Ils ont toujours \u00e9t\u00e9 abonn\u00e9s au stade. \u00ab\u00a0On sera l\u00e0 quoi qu\u2019il arrive. M\u00eame si on doit jouer en R\u00e9gional\u00a01, on viendra, c\u2019est notre mode de vie, notre culture\u00a0\u00bb, assurent-ils. Et peu importe s\u2019ils ont <a href=\"https:\/\/www.sudouest.fr\/sport\/football\/video-gerard-lopez-doit-degager-200-supporteurs-des-girondins-devant-le-tribunal-de-commerce-20777002.php\" target=\"_blank\" rel=\"follow nofollow noopener\">un pr\u00e9sident qu\u2019ils tiennent pour responsable de leur descente aux enfers<\/a>. \u00ab\u00a0On essaye de faire abstraction. On vient pour les Girondins, pour le club, pour l\u2019institution qui est au-dessus de tout, pas pour lui\u00a0\u00bb, clame Fredy, en tapant sur le fanion de son maillot.<\/p>\n<p>        <img decoding=\"async\" id=\"25579294\" src=\"https:\/\/www.europesays.com\/fr\/wp-content\/uploads\/2025\/08\/20250816221016-lt5147.jpg\" alt=\"Le virage sud est \u00ab la tribune o\u00f9 on vit le plus l\u2019ambiance \u00bb, assurent Didier et Audrick, supporters des Girondins depuis toujours.\" itemprop=\"contentURL\"\/><\/p>\n<p>    Le virage sud est \u00ab la tribune o\u00f9 on vit le plus l\u2019ambiance \u00bb, assurent Didier et Audrick, supporters des Girondins depuis toujours.<\/p>\n<p>Laurent Theillet \/ SO<\/p>\n<p>    \u00ab\u00a0Le club \u00e9tait l\u00e0 avant lui\u00a0\u00bb<\/p>\n<p>M\u00eame sentiment pour Didier, qui soutient les Marine et Blanc depuis cinquante ans. \u00ab\u00a0Venir sous <a href=\"https:\/\/www.sudouest.fr\/sport\/football\/girondins-de-bordeaux\/girondins-de-bordeaux-je-sais-que-je-ne-recupererai-jamais-mon-argent-entretien-avec-gerard-lopez-24989056.php\" target=\"_blank\" rel=\"follow nofollow noopener\">G\u00e9rard Lopez<\/a>, oui \u00e7a fait chi***. Le probl\u00e8me, c\u2019est que c\u2019est lui ou rien. On est oblig\u00e9 de faire avec. Lopez, ce n\u2019est pas les Girondins de Bordeaux. \u00c7a l\u2019est sur une courte dur\u00e9e. Mais les vrais Girondins ils sont l\u00e0, dans la tribune. Le club \u00e9tait l\u00e0 avant lui et il le sera longtemps apr\u00e8s lui\u00a0\u00bb, rappelle-t-il. \u00ab\u00a0On ne d\u00e9finit pas l\u2019amour d\u2019un club par rapport \u00e0 un pr\u00e9sident\u00a0\u00bb, ajoute son neveu, Audrick.<\/p>\n<blockquote><p>Au coup d\u2019envoi, le virage sud a d\u00e9ploy\u00e9 une banderole\u00a0: \u00ab\u00a0Les grands clubs ne meurent jamais\u00a0\u00bb<\/p><\/blockquote>\n<p>Ces deux supporters ont toujours \u00e9t\u00e9 au virage sud. Ils conc\u00e8dent que \u00ab\u00a0les Ultramarines se sont montr\u00e9s plus compatissants envers lui que contre certains pr\u00e9sidents\u00a0\u00bb, se montrant plus admiratifs de la <a href=\"https:\/\/www.sudouest.fr\/sport\/football\/girondins-de-bordeaux\/girondins-de-bordeaux-la-north-gate-appelle-a-la-destitution-et-au-depart-de-gerard-lopez-24125113.php\" target=\"_blank\" rel=\"follow nofollow noopener\">position anti-Lopez des North Gate<\/a>, l\u2019autre groupe de supporters du virage nord\u00a0: \u00ab\u00a0Souvent, on a \u00e9t\u00e9 dans l\u2019incompr\u00e9hension de la r\u00e9action des Ultras.\u00a0\u00bb Et pourtant, ils continueront une fois de plus \u00e0 donner de la voix et \u00e0 chanter \u00e0 leurs c\u00f4t\u00e9s cette saison. \u00ab\u00a0\u00c7a reste la tribune o\u00f9 on vit le plus l\u2019ambiance. Depuis tout petit, quand t\u2019es supporter, c\u2019est le virage sud\u00a0\u00bb, ressentent-ils.<\/p>\n<p>        <img decoding=\"async\" id=\"25579301\" src=\"https:\/\/www.europesays.com\/fr\/wp-content\/uploads\/2025\/08\/20250816221019-lt5237.jpg\" alt=\"Le virage sud compte pr\u00e8s de 4 000 abonn\u00e9s pour cette nouvelle saison.\" itemprop=\"contentURL\"\/><\/p>\n<p>    Le virage sud compte pr\u00e8s de 4 000 abonn\u00e9s pour cette nouvelle saison.<\/p>\n<p>Laurent Theillet \/ SO<\/p>\n<p>    \u00ab\u00a0On a besoin des Ultras \u00bb<\/p>\n<p>Le groupe historique de supporters a \u00e9t\u00e9 tr\u00e8s critiqu\u00e9 sur les r\u00e9seaux sociaux pour sa position jug\u00e9e \u00ab\u00a0laxiste\u00a0\u00bb. Certains appellent m\u00eame \u00e0 boycotter le virage sud ou le stade Atlantique. \u00ab\u00a0Je n\u2019irai plus au stade tant que Lopez sera pr\u00e9sident\u00a0\u00bb, \u00e9crit sur X (ex-Twitter) un fan, lass\u00e9 de la gestion du club sous sa pr\u00e9sidence. \u00ab\u00a0Moi je ne peux pas me passer du stade. Pourtant, j\u2019ai critiqu\u00e9 les Ultras sur les r\u00e9seaux, mais je ne me priverai pas de l\u2019ambiance du virage sud pour autant. C\u2019est ma passion\u00a0\u00bb, assure Damien. \u00ab\u00a0Heureusement qu\u2019il y a les Ultras pour soutenir les joueurs, on a besoin d\u2019eux\u00a0\u00bb, ajoutent Hugo et Julien, la vingtaine.<\/p>\n<p>Si les supporters sont toujours l\u00e0, le club, lui, n\u2019a plus le droit \u00e0 l\u2019erreur. \u00ab\u00a0Si on ne remonte pas cette saison, on va vraiment devenir un club amateur\u00a0\u00bb, craignent-ils. \u00ab\u00a0Cette ann\u00e9e, G\u00e9rard Lopez n\u2019a aucune excuse. Contrairement \u00e0 l\u2019\u00e9t\u00e9 dernier, les joueurs ont eu une pr\u00e9paration. C\u2019est la mont\u00e9e ou rien\u00a0\u00bb, clame Didier. Au coup d\u2019envoi, le virage sud a d\u00e9ploy\u00e9 une banderole\u00a0: \u00ab\u00a0Les grands clubs ne meurent jamais.\u00a0\u00bb<\/p>\n","protected":false},"excerpt":{"rendered":"Nouvelle saison en National\u00a02. Les Girondins de Bordeaux, l\u2019un des clubs fran\u00e7ais au plus grand palmar\u00e8s, encha\u00eene une&hellip;\n","protected":false},"author":2,"featured_media":324395,"comment_status":"","ping_status":"","sticky":false,"template":"","format":"standard","meta":{"footnotes":""},"categories":[2817],"tags":[1111,11,1997,1777,674,1011,27,12,2219,25],"class_list":{"0":"post-324394","1":"post","2":"type-post","3":"status-publish","4":"format-standard","5":"has-post-thumbnail","7":"category-bordeaux","8":"tag-actu","9":"tag-actualites","10":"tag-bordeaux","11":"tag-eu","12":"tag-europe","13":"tag-fr","14":"tag-france","15":"tag-news","16":"tag-nouvelle-aquitaine","17":"tag-republique-francaise"},"share_on_mastodon":{"url":"https:\/\/pubeurope.com\/@fr\/115042867298636298","error":""},"_links":{"self":[{"href":"https:\/\/www.europesays.com\/fr\/wp-json\/wp\/v2\/posts\/324394","targetHints":{"allow":["GET"]}}],"collection":[{"href":"https:\/\/www.europesays.com\/fr\/wp-json\/wp\/v2\/posts"}],"about":[{"href":"https:\/\/www.europesays.com\/fr\/wp-json\/wp\/v2\/types\/post"}],"author":[{"embeddable":true,"href":"https:\/\/www.europesays.com\/fr\/wp-json\/wp\/v2\/users\/2"}],"replies":[{"embeddable":true,"href":"https:\/\/www.europesays.com\/fr\/wp-json\/wp\/v2\/comments?post=324394"}],"version-history":[{"count":0,"href":"https:\/\/www.europesays.com\/fr\/wp-json\/wp\/v2\/posts\/324394\/revisions"}],"wp:featuredmedia":[{"embeddable":true,"href":"https:\/\/www.europesays.com\/fr\/wp-json\/wp\/v2\/media\/324395"}],"wp:attachment":[{"href":"https:\/\/www.europesays.com\/fr\/wp-json\/wp\/v2\/media?parent=324394"}],"wp:term":[{"taxonomy":"category","embeddable":true,"href":"https:\/\/www.europesays.com\/fr\/wp-json\/wp\/v2\/categories?post=324394"},{"taxonomy":"post_tag","embeddable":true,"href":"https:\/\/www.europesays.com\/fr\/wp-json\/wp\/v2\/tags?post=324394"}],"curies":[{"name":"wp","href":"https:\/\/api.w.org\/{rel}","templated":true}]}}