{"id":324400,"date":"2025-08-17T07:16:16","date_gmt":"2025-08-17T07:16:16","guid":{"rendered":"https:\/\/www.europesays.com\/fr\/324400\/"},"modified":"2025-08-17T07:16:16","modified_gmt":"2025-08-17T07:16:16","slug":"l1-j1-tout-savoir-sur-brest","status":"publish","type":"post","link":"https:\/\/www.europesays.com\/fr\/324400\/","title":{"rendered":"L1 (J1) : Tout savoir sur Brest"},"content":{"rendered":"<p class=\"date\">\n                                                            R\u00e9daction Media365, publi\u00e9 le dimanche 17 ao\u00fbt 2025 \u00e0 09h00\n                                                    <\/p>\n<p>Brest re\u00e7oit Lille dimanche (15h) dans le cadre de la 1\u00e8re journ\u00e9e de Ligue 1. Voici tout ce qu&rsquo;il faut savoir sur cette rencontre.<\/p>\n<p>Le Stade Brestois vient de perdre un cadre avec Mahdi Camara et va devoir revenir \u00e0 un quotidien plus classique sans Ligue des champions \u00e0 disputer cette saison. Lille, de son c\u00f4t\u00e9, s&rsquo;est notamment renforc\u00e9 avec le champion du monde Olivier Giroud mais a perdu Jonathan David et entame un nouveau cycle sans son serial buteur canadien.<\/p>\n<p>Les stats \u00e0 conna\u00eetre (avec Opta)<\/p>\n<p>Lille va devenir l&rsquo;adversaire le plus rencontr\u00e9 par Brest en Ligue 1 (38e match). Le club finist\u00e9rien n&rsquo;a gagn\u00e9 qu&rsquo;un seul de ses six derniers matches contre le LOSC dans l&rsquo;\u00e9lite (2N 3D), mais c&rsquo;\u00e9tait le plus r\u00e9cent lors de la 33e journ\u00e9e la saison pass\u00e9e (succ\u00e8s 2-0 \u00e0 Francis-Le Bl\u00e9).<\/p>\n<p>Brest n&rsquo;a perdu que trois de ses 18 r\u00e9ceptions de Lille en Ligue 1 (7V 8N) et reste sur cinq matches sans d\u00e9faite \u00e0 domicile contre les Dogues (3V 2N).<\/p>\n<p>Brest devient le 28e club \u00e0 disputer au moins 20 saisons de Ligue 1, le deuxi\u00e8me de la r\u00e9gion Bretagne apr\u00e8s Rennes (69e en 2025\/26). Le SB29 n&rsquo;a d\u00e9but\u00e9 que trois de ses 19 premiers exercices par une victoire (8N 8D).<\/p>\n<p>Lille est invaincu sur ses huit derniers matches d&rsquo;ouverture d&rsquo;une saison de Ligue 1 (5V 3N), plus longue s\u00e9rie en cours.<\/p>\n<p>Brest n&rsquo;a perdu que deux de ses 11 derniers matches \u00e0 domicile en Ligue 1 (7V 2N), c&rsquo;\u00e9tait contre le Paris SG (2-5) et Lens (1-3).<\/p>\n<p>Lille a perdu cinq de ses huit derniers matches \u00e0 l&rsquo;ext\u00e9rieur en Ligue 1 (3V), autant que lors des 24 pr\u00e9c\u00e9dents (8V 11N).<\/p>\n","protected":false},"excerpt":{"rendered":"R\u00e9daction Media365, publi\u00e9 le dimanche 17 ao\u00fbt 2025 \u00e0 09h00 Brest re\u00e7oit Lille dimanche (15h) dans le cadre&hellip;\n","protected":false},"author":2,"featured_media":324401,"comment_status":"","ping_status":"","sticky":false,"template":"","format":"standard","meta":{"footnotes":""},"categories":[2815],"tags":[1111,11,1777,674,1011,27,811,1307,12,25],"class_list":{"0":"post-324400","1":"post","2":"type-post","3":"status-publish","4":"format-standard","5":"has-post-thumbnail","7":"category-lille","8":"tag-actu","9":"tag-actualites","10":"tag-eu","11":"tag-europe","12":"tag-fr","13":"tag-france","14":"tag-hauts-de-france","15":"tag-lille","16":"tag-news","17":"tag-republique-francaise"},"share_on_mastodon":{"url":"https:\/\/pubeurope.com\/@fr\/115042882851404084","error":""},"_links":{"self":[{"href":"https:\/\/www.europesays.com\/fr\/wp-json\/wp\/v2\/posts\/324400","targetHints":{"allow":["GET"]}}],"collection":[{"href":"https:\/\/www.europesays.com\/fr\/wp-json\/wp\/v2\/posts"}],"about":[{"href":"https:\/\/www.europesays.com\/fr\/wp-json\/wp\/v2\/types\/post"}],"author":[{"embeddable":true,"href":"https:\/\/www.europesays.com\/fr\/wp-json\/wp\/v2\/users\/2"}],"replies":[{"embeddable":true,"href":"https:\/\/www.europesays.com\/fr\/wp-json\/wp\/v2\/comments?post=324400"}],"version-history":[{"count":0,"href":"https:\/\/www.europesays.com\/fr\/wp-json\/wp\/v2\/posts\/324400\/revisions"}],"wp:featuredmedia":[{"embeddable":true,"href":"https:\/\/www.europesays.com\/fr\/wp-json\/wp\/v2\/media\/324401"}],"wp:attachment":[{"href":"https:\/\/www.europesays.com\/fr\/wp-json\/wp\/v2\/media?parent=324400"}],"wp:term":[{"taxonomy":"category","embeddable":true,"href":"https:\/\/www.europesays.com\/fr\/wp-json\/wp\/v2\/categories?post=324400"},{"taxonomy":"post_tag","embeddable":true,"href":"https:\/\/www.europesays.com\/fr\/wp-json\/wp\/v2\/tags?post=324400"}],"curies":[{"name":"wp","href":"https:\/\/api.w.org\/{rel}","templated":true}]}}