{"id":324406,"date":"2025-08-17T07:20:10","date_gmt":"2025-08-17T07:20:10","guid":{"rendered":"https:\/\/www.europesays.com\/fr\/324406\/"},"modified":"2025-08-17T07:20:10","modified_gmt":"2025-08-17T07:20:10","slug":"la-canicule-sessouffle-retour-dun-temps-respirable","status":"publish","type":"post","link":"https:\/\/www.europesays.com\/fr\/324406\/","title":{"rendered":"la canicule s\u2019essouffle, retour d\u2019un temps respirable"},"content":{"rendered":"<p class=\"content\" style=\"font-size:1.2em;font-weight:700\">Apr\u00e8s dix jours \u00e9prouvants, les temp\u00e9ratures baissent enfin dans le Rh\u00f4ne ce dimanche 17 ao\u00fbt.<\/p>\n<p>Le d\u00e9partement du Rh\u00f4ne respire enfin. Apr\u00e8s avoir \u00e9t\u00e9 plac\u00e9 <a href=\"https:\/\/www.lyoncapitale.fr\/actualite\/canicule-54-departements-en-vigilance-orange-dont-le-rhone\" target=\"_blank\" rel=\"noreferrer noopener\">en vigilance orange depuis le 7 ao\u00fbt<\/a>, puis m\u00eame en vigilance rouge le 11 ao\u00fbt, le territoire est repass\u00e9 en vigilance verte ce dimanche matin, selon M\u00e9t\u00e9o-France. La fin d\u2019un \u00e9pisode caniculaire particuli\u00e8rement long et intense, marqu\u00e9 par des records de chaleur dans la r\u00e9gion.<\/p>\n<p>\u00c0 Lyon, le thermom\u00e8tre avait d\u00e9pass\u00e9 \u00e0 plusieurs reprises les 39 \u00b0C mercredi et jeudi, avec des nuits \u00e9touffantes qui n\u2019offraient aucun r\u00e9pit. Les restrictions mises en place par la pr\u00e9fecture \u2013 points d\u2019eau suppl\u00e9mentaires, fermetures ponctuelles d\u2019\u00e9tablissements, recommandations renforc\u00e9es pour les personnes vuln\u00e9rables \u2013 sont progressivement lev\u00e9es depuis jeudi soir, au fur et \u00e0 mesure du recul de la canicule.<\/p>\n<p>Encore 32 \u00b0C ce dimanche, avant la vraie baisse<\/p>\n<p>Ce dimanche apr\u00e8s-midi, Lyon conna\u00eetra encore des temp\u00e9ratures \u00e9lev\u00e9es, avec un pic \u00e0 32 \u00b0C attendu entre 16 h et 18 h. Une valeur qui reste \u00e9lev\u00e9e, mais bien inf\u00e9rieure aux 36 \u00b0C enregistr\u00e9s samedi \u00e0 la m\u00eame heure. Lundi, la chaleur persistera, avant un vrai changement de temps attendu mardi : le thermom\u00e8tre devrait chuter vers 25 \u00b0C, accompagn\u00e9 d\u2019un retour des pr\u00e9cipitations.<\/p>\n","protected":false},"excerpt":{"rendered":"Apr\u00e8s dix jours \u00e9prouvants, les temp\u00e9ratures baissent enfin dans le Rh\u00f4ne ce dimanche 17 ao\u00fbt. Le d\u00e9partement du&hellip;\n","protected":false},"author":2,"featured_media":324407,"comment_status":"","ping_status":"","sticky":false,"template":"","format":"standard","meta":{"footnotes":""},"categories":[1889],"tags":[1111,11,2430,6698,1777,674,1011,27,2428,2487,12,25],"class_list":{"0":"post-324406","1":"post","2":"type-post","3":"status-publish","4":"format-standard","5":"has-post-thumbnail","7":"category-lyon","8":"tag-actu","9":"tag-actualites","10":"tag-auvergne-rhone-alpes","11":"tag-canicule","12":"tag-eu","13":"tag-europe","14":"tag-fr","15":"tag-france","16":"tag-lyon","17":"tag-meteo","18":"tag-news","19":"tag-republique-francaise"},"share_on_mastodon":{"url":"https:\/\/pubeurope.com\/@fr\/115042898608813346","error":""},"_links":{"self":[{"href":"https:\/\/www.europesays.com\/fr\/wp-json\/wp\/v2\/posts\/324406","targetHints":{"allow":["GET"]}}],"collection":[{"href":"https:\/\/www.europesays.com\/fr\/wp-json\/wp\/v2\/posts"}],"about":[{"href":"https:\/\/www.europesays.com\/fr\/wp-json\/wp\/v2\/types\/post"}],"author":[{"embeddable":true,"href":"https:\/\/www.europesays.com\/fr\/wp-json\/wp\/v2\/users\/2"}],"replies":[{"embeddable":true,"href":"https:\/\/www.europesays.com\/fr\/wp-json\/wp\/v2\/comments?post=324406"}],"version-history":[{"count":0,"href":"https:\/\/www.europesays.com\/fr\/wp-json\/wp\/v2\/posts\/324406\/revisions"}],"wp:featuredmedia":[{"embeddable":true,"href":"https:\/\/www.europesays.com\/fr\/wp-json\/wp\/v2\/media\/324407"}],"wp:attachment":[{"href":"https:\/\/www.europesays.com\/fr\/wp-json\/wp\/v2\/media?parent=324406"}],"wp:term":[{"taxonomy":"category","embeddable":true,"href":"https:\/\/www.europesays.com\/fr\/wp-json\/wp\/v2\/categories?post=324406"},{"taxonomy":"post_tag","embeddable":true,"href":"https:\/\/www.europesays.com\/fr\/wp-json\/wp\/v2\/tags?post=324406"}],"curies":[{"name":"wp","href":"https:\/\/api.w.org\/{rel}","templated":true}]}}