{"id":324408,"date":"2025-08-17T07:23:10","date_gmt":"2025-08-17T07:23:10","guid":{"rendered":"https:\/\/www.europesays.com\/fr\/324408\/"},"modified":"2025-08-17T07:23:10","modified_gmt":"2025-08-17T07:23:10","slug":"404-degres-a-paris-en-1947-la-capitale-transformee-en-sahara-les-canicules-dantan-vues-par-la-presse","status":"publish","type":"post","link":"https:\/\/www.europesays.com\/fr\/324408\/","title":{"rendered":"\u00ab\u00a040,4 degr\u00e9s \u00e0 Paris en 1947, la capitale transform\u00e9e en Sahara\u00a0\u00bb\u00a0: les canicules d\u2019antan vues par la presse"},"content":{"rendered":"<p class=\"paragraph text_align_left lp-f-body-02\">\u00ab 39 \u00b0C \u00e0 Toulouse, 38 \u00b0C \u00e0 Lyon et 37 \u00b0C \u00e0 Paris, o\u00f9 ce mois est le plus ensoleill\u00e9 et le plus sec depuis plus d\u2019un si\u00e8cle. \u00bb Non, ces records de temp\u00e9ratures ne datent pas d\u2019hier. Ni m\u00eame d\u2019avant-hier mais\u2026 du d\u00e9but du si\u00e8cle dernier, o\u00f9 <a href=\"https:\/\/www.leparisien.fr\/societe\/en-1911-paris-suffoquait-deja-sous-la-canicule-29-06-2019-8106210.php\" target=\"_blank\" rel=\"noreferrer noopener\">la canicule de l\u2019\u00e9t\u00e9 1911<\/a> provoqua 34 000 morts en France.<\/p>\n<p class=\"paragraph text_align_left lp-f-body-02\">Dans le cadre de son livre \u00ab M\u00e9t\u00e9o extr\u00eame, au c\u0153ur des ph\u00e9nom\u00e8nes climatiques spectaculaires \u00bb (\u00c9d. Hugo Image), le m\u00e9t\u00e9orologue Guillaume S\u00e9chet a pass\u00e9 au peigne fin toutes les unes de journaux depuis 1850 consacr\u00e9es aux pics de chaleur, aux crues historiques et aux orages dantesques qui ont balay\u00e9 l\u2019Hexagone.<\/p>\n","protected":false},"excerpt":{"rendered":"\u00ab 39 \u00b0C \u00e0 Toulouse, 38 \u00b0C \u00e0 Lyon et 37 \u00b0C \u00e0 Paris, o\u00f9 ce mois est&hellip;\n","protected":false},"author":2,"featured_media":324409,"comment_status":"","ping_status":"","sticky":false,"template":"","format":"standard","meta":{"footnotes":""},"categories":[1888],"tags":[1111,1928,11,1927,1129,436,1777,674,1011,27,12,1926,626,1925,25],"class_list":{"0":"post-324408","1":"post","2":"type-post","3":"status-publish","4":"format-standard","5":"has-post-thumbnail","7":"category-paris","8":"tag-actu","9":"tag-actu-paris","10":"tag-actualites","11":"tag-actualites-paris","12":"tag-climat","13":"tag-environnement","14":"tag-eu","15":"tag-europe","16":"tag-fr","17":"tag-france","18":"tag-news","19":"tag-news-paris","20":"tag-paris","21":"tag-paris-news","22":"tag-republique-francaise"},"share_on_mastodon":{"url":"https:\/\/pubeurope.com\/@fr\/115042910511558647","error":""},"_links":{"self":[{"href":"https:\/\/www.europesays.com\/fr\/wp-json\/wp\/v2\/posts\/324408","targetHints":{"allow":["GET"]}}],"collection":[{"href":"https:\/\/www.europesays.com\/fr\/wp-json\/wp\/v2\/posts"}],"about":[{"href":"https:\/\/www.europesays.com\/fr\/wp-json\/wp\/v2\/types\/post"}],"author":[{"embeddable":true,"href":"https:\/\/www.europesays.com\/fr\/wp-json\/wp\/v2\/users\/2"}],"replies":[{"embeddable":true,"href":"https:\/\/www.europesays.com\/fr\/wp-json\/wp\/v2\/comments?post=324408"}],"version-history":[{"count":0,"href":"https:\/\/www.europesays.com\/fr\/wp-json\/wp\/v2\/posts\/324408\/revisions"}],"wp:featuredmedia":[{"embeddable":true,"href":"https:\/\/www.europesays.com\/fr\/wp-json\/wp\/v2\/media\/324409"}],"wp:attachment":[{"href":"https:\/\/www.europesays.com\/fr\/wp-json\/wp\/v2\/media?parent=324408"}],"wp:term":[{"taxonomy":"category","embeddable":true,"href":"https:\/\/www.europesays.com\/fr\/wp-json\/wp\/v2\/categories?post=324408"},{"taxonomy":"post_tag","embeddable":true,"href":"https:\/\/www.europesays.com\/fr\/wp-json\/wp\/v2\/tags?post=324408"}],"curies":[{"name":"wp","href":"https:\/\/api.w.org\/{rel}","templated":true}]}}