{"id":324415,"date":"2025-08-17T07:27:10","date_gmt":"2025-08-17T07:27:10","guid":{"rendered":"https:\/\/www.europesays.com\/fr\/324415\/"},"modified":"2025-08-17T07:27:10","modified_gmt":"2025-08-17T07:27:10","slug":"ce-que-lon-sait-du-sommet-entre-trump-et-poutine","status":"publish","type":"post","link":"https:\/\/www.europesays.com\/fr\/324415\/","title":{"rendered":"ce que l&rsquo;on sait du sommet entre Trump et Poutine"},"content":{"rendered":"<p>\n    Une feuille de route en vue d&rsquo;un \u00ab accord de paix \u00bb pr\u00e9voyant des concessions territoriales et des garanties de s\u00e9curit\u00e9 pour Kiev, mais ni cessez-le-feu ni sanctions contre Moscou : voici ce que l&rsquo;on sait de la teneur des discussions lors du sommet d&rsquo;Anchorage entre Donald Trump et Vladimir Poutine.\n<\/p>\n<p class=\"article-text article-body__item\">\n    Donald Trump a eu beau fanfaronner sur la r\u00e9ussite de sa rencontre avec Vladimir Poutine, et ce malgr\u00e9 le retour h\u00e2tif du pr\u00e9sident russe \u00e0 Moscou et l&rsquo;annulation de r\u00e9unions de travail entre Am\u00e9ricains et Russes, les premiers informateurs semblent plus mitig\u00e9s.\n<\/p>\n<p>Pas de cessez-le-feu<\/p>\n<p class=\"article-text article-body__item\">\n    \u00ab Il a \u00e9t\u00e9 jug\u00e9 par tous que la meilleure fa\u00e7on de mettre fin \u00e0 la guerre (&#8230;) est d&rsquo;aller directement \u00e0 un accord de paix, qui mettrait fin \u00e0 la guerre, et non \u00e0 un simple accord de cessez-le-feu, qui souvent ne tient pas \u00bb, a d\u00e9clar\u00e9 Donald Trump sur son r\u00e9seau Truth Social, en r\u00e9f\u00e9rence aux pourparlers russo-am\u00e9ricains, une position \u00e0 l&rsquo;oppos\u00e9 de celle de l&rsquo;Ukraine et de ses alli\u00e9s.\n<\/p>\n<p class=\"article-text article-body__item\">\n    <strong>\u00c0 LIRE AUSSI : <a href=\"https:\/\/www.marianne.net\/monde\/geopolitique\/rencontre-trump-poutine-en-ukraine-il-n-y-a-plus-de-ligne-de-front-continue-analyse-michel-goya\" rel=\"nofollow noopener\" target=\"_blank\">Rencontre Trump-Poutine : \u00ab\u00a0En Ukraine, il n&rsquo;y a plus de ligne de front continue\u00a0\u00bb, analyse Michel Goya<\/a><\/strong>\n<\/p>\n<p class=\"article-text article-body__item\">\n    C&rsquo;est une victoire pour Vladimir Poutine, dont les troupes ont fait de r\u00e9centes avanc\u00e9es dans l&rsquo;est de l&rsquo;Ukraine. Le pr\u00e9sident russe exige depuis le d\u00e9but un \u00ab accord de paix \u00bb plus g\u00e9n\u00e9ral, consacr\u00e9 selon lui aux \u00ab causes profondes \u00bb de la guerre, \u00e0 commencer par la volont\u00e9 de l&rsquo;Ukraine d&rsquo;adh\u00e9rer \u00e0 l&rsquo;Otan. Moscou consid\u00e8re cette alliance militaire comme une menace existentielle qui s&rsquo;\u00e9tend \u00e0 ses fronti\u00e8res.\n<\/p>\n<p>Questions territoriales<\/p>\n<p class=\"article-text article-body__item\">\n    C&rsquo;\u00e9tait la grande crainte de l&rsquo;Ukraine : un accord \u00e0 Anchorage la poussant \u00e0 une cession, de jure ou de facto, d&rsquo;une partie de ses territoires. L&rsquo;arm\u00e9e russe occupe environ 20 % du territoire ukrainien, dans quatre r\u00e9gions du sud et de l&rsquo;est (Donetsk, Lougansk, Kherson, Zaporijjia) ainsi qu&rsquo;en Crim\u00e9e annex\u00e9e en 2014.\n<\/p>\n<p class=\"article-text article-body__item\">\n    Ni Vladimir Poutine ni Donald Trump n&rsquo;ont \u00e9voqu\u00e9 directement ce sujet br\u00fblant lors de leurs interventions devant la presse. Mais selon un responsable au courant d&rsquo;\u00e9changes t\u00e9l\u00e9phoniques entre le pr\u00e9sident am\u00e9ricain et des dirigeants europ\u00e9ens, Trump soutiendrait une proposition de la Russie pr\u00e9voyant un contr\u00f4le total des r\u00e9gions de Donetsk et Lougansk et un gel du front dans celles de Kherson et Zaporijjia.\n<\/p>\n<p class=\"article-text article-body__item\">\n    <strong>\u00c0 LIRE AUSSI : <a href=\"https:\/\/www.marianne.net\/monde\/europe\/suspension-des-livraisons-d-armes-a-kiev-si-les-etats-unis-lachent-l-ukraine-le-chaos-mondial-s-aggravera\" rel=\"nofollow noopener\" target=\"_blank\">Suspension des livraisons d&rsquo;armes \u00e0 Kiev\u00a0: \u00ab\u00a0Si les \u00c9tats-Unis l\u00e2chent l&rsquo;Ukraine, le chaos mondial s&rsquo;aggravera\u00a0\u00bb<\/a><\/strong>\n<\/p>\n<p class=\"article-text article-body__item\">\n    Quelques mois apr\u00e8s avoir lanc\u00e9 son invasion, la Russie avait proclam\u00e9 en septembre 2022 l&rsquo;annexion de ces quatre r\u00e9gions, m\u00eame si ses troupes n&rsquo;en occupent aucune en totalit\u00e9. Les forces russes occupent la quasi totalit\u00e9 de la r\u00e9gion de Lougansk et une grande partie de la r\u00e9gion de Donetsk, dont leurs capitales r\u00e9gionales. Ce n&rsquo;est pas le cas des deux autres, dont les principaux centres urbains sont toujours sous contr\u00f4le ukrainien.\n<\/p>\n<p class=\"article-text article-body__item\">\n    On ignore quel serait le statut formel de ces territoires pour l&rsquo;Ukraine et la communaut\u00e9 internationale, alors que Volodymyr Zelensky a rejet\u00e9 des concessions territoriales, incompatibles avec la Constitution ukrainienne.\n<\/p>\n<p>Garanties de s\u00e9curit\u00e9<\/p>\n<p class=\"article-text article-body__item\">\n    L&rsquo;Ukraine, soutenue par les Europ\u00e9ens, exige de telles garanties en cas d&rsquo;arr\u00eat des hostilit\u00e9s, pour \u00e9viter toute reprise de l&rsquo;invasion russe, ce que Moscou refuse cat\u00e9goriquement.\n<\/p>\n<p class=\"article-text article-body__item\">\n    Dans son compte rendu post-sommet \u00e0 Volodymyr Zelensky et \u00e0 plusieurs dirigeants europ\u00e9ens, Donald Trump a \u00e9voqu\u00e9 au profit de Kiev une garantie de s\u00e9curit\u00e9 similaire \u00e0 celle de l&rsquo;article 5 de l&rsquo;Otan, en dehors toutefois du cadre de l&rsquo;Alliance atlantique, selon deux sources au fait du dossier.\n<\/p>\n<p class=\"article-text article-body__item\">\n    <strong>\u00c0 LIRE AUSSI : <a href=\"https:\/\/www.marianne.net\/monde\/la-rancune-nous-habitera-jusqua-la-fin-de-nos-jours-en-ukraine-le-desarroi-des-refugies-de-la-region-de-koursk\" rel=\"nofollow noopener\" target=\"_blank\">\u00ab\u00a0La rancune nous habitera jusqu\u2019\u00e0 la fin de nos jours\u00a0\u00bb\u00a0: en Ukraine, le d\u00e9sarroi des r\u00e9fugi\u00e9s de la r\u00e9gion de Koursk<\/a><\/strong>\n<\/p>\n<p class=\"article-text article-body__item\">\n    La Premi\u00e8re ministre italienne, Giorgia Meloni, a elle indiqu\u00e9 qu&rsquo;il s&rsquo;agirait pour commencer de d\u00e9finir \u00ab une clause de s\u00e9curit\u00e9 collective qui permettrait \u00e0 l&rsquo;Ukraine d&rsquo;obtenir le soutien de tous ses partenaires, y compris des Etats-Unis, pr\u00eats \u00e0 agir dans le cas o\u00f9 elle serait \u00e0 nouveau attaqu\u00e9e \u00bb. Plusieurs pays europ\u00e9ens, notamment la France et le Royaume-Uni, ont indiqu\u00e9 \u00eatre pr\u00eats \u00e0 contribuer \u00e0 une force de \u00ab r\u00e9assurance \u00bb stationn\u00e9e en Ukraine, mais pas sur la ligne de front.\n<\/p>\n<p>R\u00e9union tripartite \u00e0 l&rsquo;horizon ?<\/p>\n<p class=\"article-text article-body__item\">\n    Donald Trump a confirm\u00e9 qu&rsquo;il recevrait le pr\u00e9sident ukrainien Zelensky ce lundi 18 ao\u00fbt \u00e0 la Maison Blanche. \u00ab Si tout marche bien, nous programmerons alors une rencontre avec le pr\u00e9sident Poutine \u00bb, a-t-il ajout\u00e9. Il avait auparavant estim\u00e9 qu&rsquo;un accord pour mettre fin \u00e0 la guerre \u00ab d\u00e9pendait vraiment du pr\u00e9sident \u00bb ukrainien.\n<\/p>\n<p class=\"article-text article-body__item\">\n    Ce dernier a cependant jug\u00e9 que le refus d&rsquo;un cessez-le-feu par la Russie \u00ab complique la situation \u00bb, se disant sceptique sur la volont\u00e9 de Moscou d&rsquo;arriver \u00e0 une paix durable.\n<\/p>\n<p>Sanctions am\u00e9ricaines en suspens<\/p>\n<p class=\"article-text article-body__item\">\n    Vendredi expirait th\u00e9oriquement un ultimatum fix\u00e9 par Donald Trump \u00e0 la Russie pour mettre fin \u00e0 la guerre en Ukraine, sous peine de sanctions dites \u00ab secondaires \u00bb, c&rsquo;est-\u00e0-dire visant les pays qui se fournissent aupr\u00e8s de la Russie, en particulier en p\u00e9trole et en armes.\n<\/p>\n<p class=\"article-text article-body__item\">\n    Mais \u00ab vu comme cela s&rsquo;est pass\u00e9 aujourd&rsquo;hui, je ne pense pas que je doive penser \u00e0 cela maintenant \u00bb, a finalement jug\u00e9 le pr\u00e9sident am\u00e9ricain sur Fox News apr\u00e8s sa rencontre avec M. Poutine. Les dirigeants europ\u00e9ens ont en revanche affirm\u00e9 qu&rsquo;ils \u00ab continueraient \u00e0 renforcer les sanctions et les mesures \u00e9conomiques cibl\u00e9es pour peser sur l&rsquo;\u00e9conomie de guerre de la Russie, jusqu&rsquo;\u00e0 l&rsquo;\u00e9tablissement d&rsquo;une paix juste et durable \u00bb.<\/p>\n","protected":false},"excerpt":{"rendered":"Une feuille de route en vue d&rsquo;un \u00ab accord de paix \u00bb pr\u00e9voyant des concessions territoriales et des&hellip;\n","protected":false},"author":2,"featured_media":324416,"comment_status":"","ping_status":"","sticky":false,"template":"","format":"standard","meta":{"footnotes":""},"categories":[1591],"tags":[11,1887,12,1885,1886,132],"class_list":{"0":"post-324415","1":"post","2":"type-post","3":"status-publish","4":"format-standard","5":"has-post-thumbnail","7":"category-russie","8":"tag-actualites","9":"tag-federation-de-russie","10":"tag-news","11":"tag-russia","12":"tag-russian-federation","13":"tag-russie"},"share_on_mastodon":{"url":"https:\/\/pubeurope.com\/@fr\/115042926196106344","error":""},"_links":{"self":[{"href":"https:\/\/www.europesays.com\/fr\/wp-json\/wp\/v2\/posts\/324415","targetHints":{"allow":["GET"]}}],"collection":[{"href":"https:\/\/www.europesays.com\/fr\/wp-json\/wp\/v2\/posts"}],"about":[{"href":"https:\/\/www.europesays.com\/fr\/wp-json\/wp\/v2\/types\/post"}],"author":[{"embeddable":true,"href":"https:\/\/www.europesays.com\/fr\/wp-json\/wp\/v2\/users\/2"}],"replies":[{"embeddable":true,"href":"https:\/\/www.europesays.com\/fr\/wp-json\/wp\/v2\/comments?post=324415"}],"version-history":[{"count":0,"href":"https:\/\/www.europesays.com\/fr\/wp-json\/wp\/v2\/posts\/324415\/revisions"}],"wp:featuredmedia":[{"embeddable":true,"href":"https:\/\/www.europesays.com\/fr\/wp-json\/wp\/v2\/media\/324416"}],"wp:attachment":[{"href":"https:\/\/www.europesays.com\/fr\/wp-json\/wp\/v2\/media?parent=324415"}],"wp:term":[{"taxonomy":"category","embeddable":true,"href":"https:\/\/www.europesays.com\/fr\/wp-json\/wp\/v2\/categories?post=324415"},{"taxonomy":"post_tag","embeddable":true,"href":"https:\/\/www.europesays.com\/fr\/wp-json\/wp\/v2\/tags?post=324415"}],"curies":[{"name":"wp","href":"https:\/\/api.w.org\/{rel}","templated":true}]}}