{"id":324417,"date":"2025-08-17T07:28:10","date_gmt":"2025-08-17T07:28:10","guid":{"rendered":"https:\/\/www.europesays.com\/fr\/324417\/"},"modified":"2025-08-17T07:28:10","modified_gmt":"2025-08-17T07:28:10","slug":"cyberattaques-en-serie-inquietudes-des-salaries-comment-le-projet-de-drones-pour-lukraine-seme-le-trouble-chez-renault","status":"publish","type":"post","link":"https:\/\/www.europesays.com\/fr\/324417\/","title":{"rendered":"Cyberattaques en s\u00e9rie, inqui\u00e9tudes des salari\u00e9s&#8230; Comment le projet de drones pour l\u2019Ukraine s\u00e8me le trouble chez Renault"},"content":{"rendered":"<p class=\"paragraph text_align_left lp-f-body-02\">Ce n\u2019est pas la premi\u00e8re fois, dans sa longue histoire, que <a href=\"https:\/\/www.leparisien.fr\/yvelines-78\/50-000-voitures-doccasion-en-3-ans-avec-sa-refactory-renault-a-bien-negocie-son-virage-et-recrute-a-nouveau-22-04-2025-4H5IF4IJI5EXTL6M4ALLVISUOU.php\" target=\"_self\" rel=\"noopener\">Renault<\/a> mettrait une roue en dehors de l\u2019auto. Avant l\u2019\u00e9t\u00e9, le minist\u00e8re des Arm\u00e9es fran\u00e7ais a fait savoir qu\u2019il souhaitait associer le constructeur automobile, en soutien d\u2019une PME tricolore sp\u00e9cialis\u00e9e dans la d\u00e9fense, \u00e0 la fabrication de drones destin\u00e9s aux arm\u00e9es fran\u00e7aise\u2026 et <a href=\"https:\/\/www.leparisien.fr\/international\/ukraine\/\" target=\"_self\" rel=\"noopener\">ukrainienne<\/a>.<\/p>\n<p class=\"paragraph text_align_left lp-f-body-02\">\u00ab Dans la mesure o\u00f9 nous pourrions apporter une aide industrielle, nous sommes ouverts \u00e0 la question, a r\u00e9cemment confirm\u00e9 Jean-Dominique Senard, le pr\u00e9sident de Renault Group, sans donner d\u2019indications sur le calendrier. Renault sera naturellement pr\u00e9sent pour aider mais cela n\u00e9cessite d\u2019\u00eatre approfondi avec nos interlocuteurs gouvernementaux. \u00bb<\/p>\n","protected":false},"excerpt":{"rendered":"Ce n\u2019est pas la premi\u00e8re fois, dans sa longue histoire, que Renault mettrait une roue en dehors de&hellip;\n","protected":false},"author":2,"featured_media":324418,"comment_status":"","ping_status":"","sticky":false,"template":"","format":"standard","meta":{"footnotes":""},"categories":[1590],"tags":[11,33,1777,674,3746,12,220],"class_list":{"0":"post-324417","1":"post","2":"type-post","3":"status-publish","4":"format-standard","5":"has-post-thumbnail","7":"category-ukraine","8":"tag-actualites","9":"tag-economie","10":"tag-eu","11":"tag-europe","12":"tag-futurs","13":"tag-news","14":"tag-ukraine"},"share_on_mastodon":{"url":"https:\/\/pubeurope.com\/@fr\/115042930124378503","error":""},"_links":{"self":[{"href":"https:\/\/www.europesays.com\/fr\/wp-json\/wp\/v2\/posts\/324417","targetHints":{"allow":["GET"]}}],"collection":[{"href":"https:\/\/www.europesays.com\/fr\/wp-json\/wp\/v2\/posts"}],"about":[{"href":"https:\/\/www.europesays.com\/fr\/wp-json\/wp\/v2\/types\/post"}],"author":[{"embeddable":true,"href":"https:\/\/www.europesays.com\/fr\/wp-json\/wp\/v2\/users\/2"}],"replies":[{"embeddable":true,"href":"https:\/\/www.europesays.com\/fr\/wp-json\/wp\/v2\/comments?post=324417"}],"version-history":[{"count":0,"href":"https:\/\/www.europesays.com\/fr\/wp-json\/wp\/v2\/posts\/324417\/revisions"}],"wp:featuredmedia":[{"embeddable":true,"href":"https:\/\/www.europesays.com\/fr\/wp-json\/wp\/v2\/media\/324418"}],"wp:attachment":[{"href":"https:\/\/www.europesays.com\/fr\/wp-json\/wp\/v2\/media?parent=324417"}],"wp:term":[{"taxonomy":"category","embeddable":true,"href":"https:\/\/www.europesays.com\/fr\/wp-json\/wp\/v2\/categories?post=324417"},{"taxonomy":"post_tag","embeddable":true,"href":"https:\/\/www.europesays.com\/fr\/wp-json\/wp\/v2\/tags?post=324417"}],"curies":[{"name":"wp","href":"https:\/\/api.w.org\/{rel}","templated":true}]}}