{"id":324425,"date":"2025-08-17T07:33:10","date_gmt":"2025-08-17T07:33:10","guid":{"rendered":"https:\/\/www.europesays.com\/fr\/324425\/"},"modified":"2025-08-17T07:33:10","modified_gmt":"2025-08-17T07:33:10","slug":"lunion-europeenne-freine-une-declaration-commerciale-avec-les-etats-unis-pour-proteger-ses-regles-numeriques-selon-le-financial-times","status":"publish","type":"post","link":"https:\/\/www.europesays.com\/fr\/324425\/","title":{"rendered":"L&rsquo;Union europ\u00e9enne freine une d\u00e9claration commerciale avec les \u00c9tats-Unis pour prot\u00e9ger ses r\u00e8gles num\u00e9riques, selon le Financial Times"},"content":{"rendered":"<p>L&rsquo;Union europ\u00e9enne cherche \u00e0 emp\u00eacher les \u00c9tats-Unis de cibler ses r\u00e8gles num\u00e9riques alors que les deux parties s&rsquo;efforcent de finaliser les d\u00e9tails d&rsquo;une d\u00e9claration commerciale conjointe, selon le Financial Times (FT) dimanche.<\/p>\n<p>D&rsquo;apr\u00e8s des responsables europ\u00e9ens cit\u00e9s par le quotidien, des divergences persistent sur la formulation relative aux \u00ab\u00a0barri\u00e8res non tarifaires\u00a0\u00bb, les \u00c9tats-Unis estimant que les r\u00e8gles num\u00e9riques de l&rsquo;UE en font partie. Ces d\u00e9saccords expliqueraient en partie le retard de la publication de la d\u00e9claration.<\/p>\n<p>Reuters n&rsquo;a pas pu v\u00e9rifier imm\u00e9diatement ces informations. L&rsquo;Union europ\u00e9enne, la Maison Blanche et le D\u00e9partement d&rsquo;\u00c9tat am\u00e9ricain n&rsquo;ont pas r\u00e9pondu dans l&rsquo;imm\u00e9diat aux demandes de commentaire.<\/p>\n<p>La d\u00e9claration \u00e9tait initialement attendue quelques jours apr\u00e8s l&rsquo;annonce de juillet faite par la pr\u00e9sidente de la Commission europ\u00e9enne Ursula von der Leyen et le pr\u00e9sident am\u00e9ricain Donald Trump, selon le Financial Times.<\/p>\n<p>L&rsquo;accord de juillet avait impos\u00e9 un droit de douane \u00e0 l&rsquo;importation de 15\u00a0% sur la plupart des produits europ\u00e9ens\u00a0: un taux deux fois moins \u00e9lev\u00e9 que celui initialement envisag\u00e9. Ce compromis a permis d&rsquo;\u00e9viter une guerre commerciale plus large entre les deux alli\u00e9s, qui repr\u00e9sentent ensemble pr\u00e8s d&rsquo;un tiers du commerce mondial.<\/p>\n<p>Washington souhaitait, selon le FT, maintenir la possibilit\u00e9 d&rsquo;obtenir des concessions sur le Digital Services Act (DSA) de l&rsquo;UE, une l\u00e9gislation que les \u00c9tats-Unis jugent restrictive pour la libert\u00e9 d&rsquo;expression et co\u00fbteuse pour les entreprises technologiques am\u00e9ricaines. La Commission europ\u00e9enne aurait toutefois affirm\u00e9 que l&rsquo;assouplissement de ces r\u00e8gles constituait une ligne rouge.<\/p>\n<p>Le DSA de l&rsquo;UE est une loi phare visant \u00e0 rendre l&rsquo;environnement en ligne plus s\u00fbr et plus \u00e9quitable, en obligeant les grands groupes technologiques \u00e0 agir davantage contre les contenus ill\u00e9gaux, notamment les discours de haine et les contenus relatifs aux abus sexuels sur enfants.<\/p>\n<p>La Commission europ\u00e9enne s&rsquo;attendait \u00e0 ce que Donald Trump signe, d&rsquo;ici le 15 ao\u00fbt, un d\u00e9cret pr\u00e9voyant une baisse des droits de douane sur les exportations automobiles europ\u00e9ennes vers les \u00c9tats-Unis, de 27,5\u00a0% \u00e0 15\u00a0%. Toutefois, un responsable am\u00e9ricain a indiqu\u00e9 que cette mesure serait retard\u00e9e jusqu&rsquo;\u00e0 la finalisation de la d\u00e9claration conjointe, selon le FT.<\/p>\n","protected":false},"excerpt":{"rendered":"L&rsquo;Union europ\u00e9enne cherche \u00e0 emp\u00eacher les \u00c9tats-Unis de cibler ses r\u00e8gles num\u00e9riques alors que les deux parties s&rsquo;efforcent&hellip;\n","protected":false},"author":2,"featured_media":324426,"comment_status":"","ping_status":"","sticky":false,"template":"","format":"standard","meta":{"footnotes":""},"categories":[1586],"tags":[11,340,1777,674,1779,1011,27,12,25,1778,364],"class_list":{"0":"post-324425","1":"post","2":"type-post","3":"status-publish","4":"format-standard","5":"has-post-thumbnail","7":"category-europe","8":"tag-actualites","9":"tag-bourse","10":"tag-eu","11":"tag-europe","12":"tag-european-union","13":"tag-fr","14":"tag-france","15":"tag-news","16":"tag-republique-francaise","17":"tag-ue","18":"tag-union-europeenne"},"share_on_mastodon":{"url":"https:\/\/pubeurope.com\/@fr\/115042949738177232","error":""},"_links":{"self":[{"href":"https:\/\/www.europesays.com\/fr\/wp-json\/wp\/v2\/posts\/324425","targetHints":{"allow":["GET"]}}],"collection":[{"href":"https:\/\/www.europesays.com\/fr\/wp-json\/wp\/v2\/posts"}],"about":[{"href":"https:\/\/www.europesays.com\/fr\/wp-json\/wp\/v2\/types\/post"}],"author":[{"embeddable":true,"href":"https:\/\/www.europesays.com\/fr\/wp-json\/wp\/v2\/users\/2"}],"replies":[{"embeddable":true,"href":"https:\/\/www.europesays.com\/fr\/wp-json\/wp\/v2\/comments?post=324425"}],"version-history":[{"count":0,"href":"https:\/\/www.europesays.com\/fr\/wp-json\/wp\/v2\/posts\/324425\/revisions"}],"wp:featuredmedia":[{"embeddable":true,"href":"https:\/\/www.europesays.com\/fr\/wp-json\/wp\/v2\/media\/324426"}],"wp:attachment":[{"href":"https:\/\/www.europesays.com\/fr\/wp-json\/wp\/v2\/media?parent=324425"}],"wp:term":[{"taxonomy":"category","embeddable":true,"href":"https:\/\/www.europesays.com\/fr\/wp-json\/wp\/v2\/categories?post=324425"},{"taxonomy":"post_tag","embeddable":true,"href":"https:\/\/www.europesays.com\/fr\/wp-json\/wp\/v2\/tags?post=324425"}],"curies":[{"name":"wp","href":"https:\/\/api.w.org\/{rel}","templated":true}]}}