{"id":324430,"date":"2025-08-17T07:36:14","date_gmt":"2025-08-17T07:36:14","guid":{"rendered":"https:\/\/www.europesays.com\/fr\/324430\/"},"modified":"2025-08-17T07:36:14","modified_gmt":"2025-08-17T07:36:14","slug":"la-ceinture-de-securite-peut-se-detacher-en-cas-dimpact","status":"publish","type":"post","link":"https:\/\/www.europesays.com\/fr\/324430\/","title":{"rendered":"la ceinture de s\u00e9curit\u00e9 peut se d\u00e9tacher en cas d&rsquo;impact"},"content":{"rendered":"<p>            Par<br \/>\n        <strong><br \/>\n            <a href=\"https:\/\/actu.fr\/auteur\/redaction-actu\" title=\"Consulter tous les articles de R\u00e9daction Actu\" target=\"_blank\" rel=\"noopener\">R\u00e9daction Actu<\/a><br \/>\n        <\/strong><\/p>\n<p>        Publi\u00e9 le<\/p>\n<p>            17 ao\u00fbt 2025 \u00e0 9h16        <\/p>\n<p>Une actualit\u00e9 \u00e0 nous faire l\u00e2cher le volant. Alors que les <a href=\"https:\/\/actu.fr\/tag\/rappel-de-produits\" target=\"_blank\" rel=\"noopener\">rappels<\/a> de voitures rythment l\u2019actualit\u00e9 de ces derniers mois, un nouveau cas de figure vient s\u2019ajouter \u00e0 <a href=\"https:\/\/actu.fr\/economie\/un-francais-sur-cinq-jette-ses-dechets-par-la-fenetre-de-la-voiture-cette-habitude-peut-vous-couter-cher_63005779.html\" target=\"_blank\" rel=\"noopener\">la longue liste<\/a>.<\/p>\n<p class=\" wall-content\">Ce vendredi 15\u00a0ao\u00fbt 2025, <a href=\"https:\/\/rappel.conso.gouv.fr\/fiche-rappel\/29267\/Rapex\" target=\"_blank\" rel=\"noopener\">Rappel Conso<\/a> lance l\u2019alerte concernant des Peugeot 308. Certaines s\u2019av\u00e8rent dangereuses une fois le moteur allum\u00e9. Et pour cause\u2009: on apprend que<strong> l\u2019ancrage des ceintures peut ne pas r\u00e9sister \u00e0 un impact<\/strong>.<\/p>\n<p>La voiture dans le d\u00e9tail<\/p>\n<p class=\" wall-content\">Le mod\u00e8le concern\u00e9 par ce rappel est une <strong>Peugeot 308<\/strong> qui, rappelons-le, est assez commun dans le parc automobile fran\u00e7ais.<\/p>\n<p class=\" wall-content\">Comme le pr\u00e9cise <a href=\"https:\/\/ec.europa.eu\/safety-gate-alerts\/screen\/webReport\/alertDetail\/10095493\" target=\"_blank\" rel=\"noopener\">Rapex<\/a>, le site officiel pour les rappels de produits au sein de l\u2019Union europ\u00e9enne, les voitures concern\u00e9es ont \u00e9t\u00e9 produites <strong>entre le 12\u00a0octobre 2015 et le 1\u1d49\u02b3 d\u00e9cembre\u00a02019<\/strong>.<\/p>\n<p class=\" wall-content\">Voici les <strong>num\u00e9ros d\u2019homologation<\/strong> des mod\u00e8les\u2009: e2*2007\/46*0405*04,*06-*09,*11-*13,*15-*26. Ce num\u00e9ro est consultable sur la carte grise, case K. Pratique pour v\u00e9rifier si votre v\u00e9hicule est concern\u00e9.<\/p>\n<p class=\" wall-content\">Le rappel<strong> concerne la France<\/strong>, mais aussi la Croatie et le Luxembourg.<\/p>\n<p>Une ceinture de s\u00e9curit\u00e9\u2026 pas s\u00e9cure<\/p>\n<p class=\" wall-content\">\u00ab\u2009Les ancrages de ceinture de s\u00e9curit\u00e9 du si\u00e8ge arri\u00e8re peuvent <strong>ne pas r\u00e9sister suffisamment \u00e0 l\u2019impact<\/strong> de la force\u2009\u00bb, peut-on lire sur la fiche de Rappel Conso.<\/p>\n<blockquote class=\"ac-article-quote wall-content\">\n<p>Cela pourrait limiter la capacit\u00e9 du r\u00e9tracteur \u00e0 retenir un passager en cas d\u2019accident entra\u00eenant des blessures.<\/p>\n<p>    <strong>Rappel Conso<\/strong>\n            <\/p><\/blockquote>\n<p class=\" wall-content\">Les automobilistes concern\u00e9s sont invit\u00e9s \u00e0 <strong>contacter leur concessionnaire<\/strong> pour en savoir plus sur la marche \u00e0 suivre.<\/p>\n<p class=\" wall-content\">Suivez toute l\u2019actualit\u00e9 de vos villes et m\u00e9dias favoris en vous inscrivant \u00e0 <a href=\"https:\/\/moncompte.actu.fr\" title=\"D\u00e9couvez Mon Actu\" rel=\"nofollow noopener\" data-trk=\"{&quot;cta&quot;:{&quot;action&quot;:&quot;https:\\\/\\\/moncompte.actu.fr&quot;,&quot;category&quot;:&quot;mon compte&quot;,&quot;from&quot;:&quot;article footer&quot;,&quot;name&quot;:&quot;Mon actu&quot;,&quot;type&quot;:&quot;cta&quot;}}\" target=\"_blank\">Mon Actu<\/a>.<\/p>\n","protected":false},"excerpt":{"rendered":"Par R\u00e9daction Actu Publi\u00e9 le 17 ao\u00fbt 2025 \u00e0 9h16 Une actualit\u00e9 \u00e0 nous faire l\u00e2cher le volant.&hellip;\n","protected":false},"author":2,"featured_media":324431,"comment_status":"","ping_status":"","sticky":false,"template":"","format":"standard","meta":{"footnotes":""},"categories":[4],"tags":[11,646,33,1011,27,12,1720,25,5009],"class_list":{"0":"post-324430","1":"post","2":"type-post","3":"status-publish","4":"format-standard","5":"has-post-thumbnail","7":"category-france","8":"tag-actualites","9":"tag-automobile","10":"tag-economie","11":"tag-fr","12":"tag-france","13":"tag-news","14":"tag-rappel-de-produits","15":"tag-republique-francaise","16":"tag-securite-routiere"},"share_on_mastodon":{"url":"https:\/\/pubeurope.com\/@fr\/115042962086611354","error":""},"_links":{"self":[{"href":"https:\/\/www.europesays.com\/fr\/wp-json\/wp\/v2\/posts\/324430","targetHints":{"allow":["GET"]}}],"collection":[{"href":"https:\/\/www.europesays.com\/fr\/wp-json\/wp\/v2\/posts"}],"about":[{"href":"https:\/\/www.europesays.com\/fr\/wp-json\/wp\/v2\/types\/post"}],"author":[{"embeddable":true,"href":"https:\/\/www.europesays.com\/fr\/wp-json\/wp\/v2\/users\/2"}],"replies":[{"embeddable":true,"href":"https:\/\/www.europesays.com\/fr\/wp-json\/wp\/v2\/comments?post=324430"}],"version-history":[{"count":0,"href":"https:\/\/www.europesays.com\/fr\/wp-json\/wp\/v2\/posts\/324430\/revisions"}],"wp:featuredmedia":[{"embeddable":true,"href":"https:\/\/www.europesays.com\/fr\/wp-json\/wp\/v2\/media\/324431"}],"wp:attachment":[{"href":"https:\/\/www.europesays.com\/fr\/wp-json\/wp\/v2\/media?parent=324430"}],"wp:term":[{"taxonomy":"category","embeddable":true,"href":"https:\/\/www.europesays.com\/fr\/wp-json\/wp\/v2\/categories?post=324430"},{"taxonomy":"post_tag","embeddable":true,"href":"https:\/\/www.europesays.com\/fr\/wp-json\/wp\/v2\/tags?post=324430"}],"curies":[{"name":"wp","href":"https:\/\/api.w.org\/{rel}","templated":true}]}}