{"id":324432,"date":"2025-08-17T07:37:26","date_gmt":"2025-08-17T07:37:26","guid":{"rendered":"https:\/\/www.europesays.com\/fr\/324432\/"},"modified":"2025-08-17T07:37:26","modified_gmt":"2025-08-17T07:37:26","slug":"delacour-et-boutier-dans-le-bon-wagon-iwai-sur-un-nuage","status":"publish","type":"post","link":"https:\/\/www.europesays.com\/fr\/324432\/","title":{"rendered":"Delacour et Boutier dans le bon wagon, Iwai sur un nuage"},"content":{"rendered":"<p>\t\t\t\t\t\t<img width=\"770\" height=\"555\" src=\"https:\/\/www.europesays.com\/fr\/wp-content\/uploads\/2025\/05\/celine-boutier-lpga-mizuho-americas-open-2025-770x555.jpg\" class=\"img-responsive wp-post-image\" alt=\"Celine Boutier Sarah Stier\/Getty Images\/AFP\" decoding=\"async\" fetchpriority=\"high\"  \/>\t\t\t\t\t<\/p>\n<p>\t\t\t\t\t\t Partager cet article <\/p>\n<p class=\"screen-reader-text juiz_sps_maybe_hidden_text\">Partager la publication \u00ab\u00a0Delacour et Boutier dans le bon wagon, Iwai sur un nuage\u00a0\u00bb<\/p>\n<p><strong>Alors que le bilan du golf tricolore sur le LPGA Tour cette semaine au Portland Classic s\u2019annonce de belle facture apr\u00e8s trois tours, la t\u00eate, en revanche, semble d\u00e9sormais hors d\u2019atteinte en -18 et occup\u00e9e par la Japonaise Akie Iwai.<\/strong><\/p>\n<p>\t\t\t\t\t<a id=\"181417\" href=\"https:\/\/cabotbordeaux.com\/fr\/booking\/training-golf\" target=\"_blank\" rel=\"sponsorised nofollow noopener\"><img fetchpriority=\"high\" decoding=\"async\" src=\"https:\/\/www.europesays.com\/fr\/wp-content\/uploads\/2025\/08\/cabot-e04-stage-septembre-1170x275-1.gif\" class=\"img-responsive\" alt=\"\"\/><\/a><\/p>\n<p>En l\u2019absence de tr\u00e8s grande favorite naturelle, le <strong>Portland Classic<\/strong> promettait d\u2019\u00eatre tr\u00e8s ouvert en d\u00e9but de semaine. Chaque tour, amenant son lot de surprise, est venu confirmer cette impression.<\/p>\n<p><a href=\"https:\/\/www.lpga.com\/tournaments\/portland-classic\/leaderboard\" target=\"_blank\" rel=\"noopener nofollow\">Retrouvez le classement complet<\/a><\/p>\n<p>Trois tours dans l\u2019Oregon et trois leaders diff\u00e9rentes. Apr\u00e8s <strong>Adela Cernousek<\/strong>, et <strong>Jeongeun Lee5<\/strong>, c\u2019est d\u00e9sormais la Japonaise<strong> Akie Iwai <\/strong>(23 ans) qui s\u2019est empar\u00e9e des commandes en -18 apr\u00e8s la meilleure carte de la semaine \u00e9gal\u00e9e en 64 (-8), soit la m\u00eame que celle de d\u2019Adela Cernousek en ouverture du tournoi.<\/p>\n<p>\t\t\t\t\t<a id=\"174987\" href=\"https:\/\/www.sudfrancegolf.com\/fr\/\" target=\"_blank\" rel=\"sponsorised nofollow noopener\"><img decoding=\"async\" src=\"data:image\/svg+xml,%3Csvg%20xmlns=\" http:=\"\" class=\"img-responsive\" alt=\"\" data-lazy-src=\"https:\/\/www.europesays.com\/fr\/wp-content\/uploads\/2025\/06\/giesudfrancegolf-e02-egolf-pass-2025-v2-1170x275-1.gif\"\/><\/a><\/p>\n<blockquote class=\"twitter-tweet\">\n<p dir=\"ltr\" lang=\"en\">GRACE KIM DOES IT AGAIN \ud83e\udd2f<\/p>\n<p>A HOLE OUT FROM THE ROUGH FOR EAGLE \ud83e\udd85 <a href=\"https:\/\/t.co\/Li6dZgfsZB\" rel=\"nofollow\">pic.twitter.com\/Li6dZgfsZB<\/a><\/p>\n<p>\u2014 LPGA (@LPGA) <a href=\"https:\/\/twitter.com\/LPGA\/status\/1956879784157524304?ref_src=twsrc%5Etfw\" rel=\"nofollow noopener\" target=\"_blank\">August 17, 2025<\/a><\/p>\n<\/blockquote>\n<p>\t\t\t\t\t<a id=\"181442\" href=\"https:\/\/www.formigolf.fr\/voyage-pays~fairplay_golf__spa_resort_5etoiles_cadiz~199~espagne\" target=\"_blank\" rel=\"sponsorised nofollow noopener\"><img decoding=\"async\" src=\"data:image\/svg+xml,%3Csvg%20xmlns=\" http:=\"\" class=\"img-responsive\" alt=\"\" data-lazy-src=\"https:\/\/www.europesays.com\/fr\/wp-content\/uploads\/2025\/08\/formigolf-e08-andalousie-cadiz-1170x275-1.gif\"\/><\/a><\/p>\n<p>La Nippone aura fort \u00e0 faire pour aller chercher son premier titre sur le circuit avec notamment la concurrence de la vainqueur en Majeur, <strong>Grace Kim<\/strong> l\u2019Australienne, un coup derri\u00e8re, auteure d\u2019un incroyable eagle ce samedi.<\/p>\n<p>\t\t\t\t\t<a id=\"181972\" href=\"https:\/\/www.azurgolftravel.com\/proamdepalsoct25\" target=\"_blank\" rel=\"sponsorised nofollow noopener\"><img decoding=\"async\" src=\"data:image\/svg+xml,%3Csvg%20xmlns=\" http:=\"\" class=\"img-responsive\" alt=\"\" data-lazy-src=\"https:\/\/www.europesays.com\/fr\/wp-content\/uploads\/2025\/08\/azurgolftravel-e01-proam-catalogne-1170x275-1.jpeg\"\/><\/a><br \/>\nDelacour toujours meilleure tricolore<\/p>\n<p>Si la course \u00e0 la victoire semble bel et bien \u00eatre de l\u2019histoire ancienne pour cette \u00e9preuve du nord ouest des Etats-Unis, deux joueuses tricolores semblent tout de m\u00eame bien parties pour aller signer un top 10. La premi\u00e8re, <strong>Perrine Delacour<\/strong>, 11e, vient d\u2019encha\u00eener un deuxi\u00e8me 70 (-2) de rang pour passer -10 apr\u00e8s trois tours.<\/p>\n<p>Un petit coup derri\u00e8re elle, <strong>C\u00e9line Boutier<\/strong>, forte de sa carte de 67 (-5), gagne dix rangs au classement pour s\u2019immobiliser en 17e position apr\u00e8s trois tours en -9 total. Les deux autres Fran\u00e7aises engag\u00e9es, <strong>Pauline Roussin-Bouchard<\/strong> (49e, -4) et <strong>Adela Cernousek<\/strong> (57e, -2) sont loin.<\/p>\n<p>\t\t\t\t\t<a id=\"181426\" href=\"https:\/\/leclub-golf.com\/fr\/green-fees?online=1&amp;utm_source=golf+planete&amp;utm_medium=referral&amp;utm_campaign=green+fee+en+ligne&amp;utm_id=green+fee+en+ligne_golf+planete_referral_banner\" target=\"_blank\" rel=\"sponsorised nofollow noopener\"><img decoding=\"async\" src=\"data:image\/svg+xml,%3Csvg%20xmlns=\" http:=\"\" class=\"img-responsive\" alt=\"\" data-lazy-src=\"https:\/\/www.europesays.com\/fr\/wp-content\/uploads\/2025\/08\/leclubgolf-e09-effet-classique-1170x275png.png\"\/><\/a><br \/>\nLe leaderboard<br \/>\n<img loading=\"lazy\" decoding=\"async\" class=\"alignnone size-full wp-image-182504\" src=\"data:image\/svg+xml,%3Csvg%20xmlns=\" http:=\"\" alt=\"\" width=\"1123\" height=\"738\" data-lazy- data-lazy- data-lazy-src=\"https:\/\/www.europesays.com\/fr\/wp-content\/uploads\/2025\/08\/class-lpga-2.png\"\/><br \/>\n\u00a0<br \/>\nLe leaderboard des Fran\u00e7aises<\/p>\n<p><img loading=\"lazy\" decoding=\"async\" class=\"alignnone size-full wp-image-182503\" src=\"data:image\/svg+xml,%3Csvg%20xmlns=\" http:=\"\" alt=\"\" width=\"1134\" height=\"294\" data-lazy- data-lazy- data-lazy-src=\"https:\/\/www.europesays.com\/fr\/wp-content\/uploads\/2025\/08\/classfrlpga-2.png\"\/><\/p>\n<p>\t\t\t\t\t<a id=\"181452\" href=\"https:\/\/www.fourseasonsmegevecollectionproam.com\/\" target=\"_blank\" rel=\"sponsorised nofollow noopener\"><img decoding=\"async\" src=\"data:image\/svg+xml,%3Csvg%20xmlns=\" http:=\"\" class=\"img-responsive\" alt=\"\" data-lazy-src=\"https:\/\/www.europesays.com\/fr\/wp-content\/uploads\/2025\/08\/swing-e05-proam-megeve25-1170x275-1.gif\"\/><\/a><\/p>\n<p>Photo : Sarah Stier\/Getty Images\/AFP<\/p>\n<p>\t\t\t<script async src=\"https:\/\/platform.twitter.com\/widgets.js\" charset=\"utf-8\"><\/script><\/p>\n","protected":false},"excerpt":{"rendered":"Partager cet article Partager la publication \u00ab\u00a0Delacour et Boutier dans le bon wagon, Iwai sur un nuage\u00a0\u00bb Alors&hellip;\n","protected":false},"author":2,"featured_media":91176,"comment_status":"","ping_status":"","sticky":false,"template":"","format":"standard","meta":{"footnotes":""},"categories":[1418],"tags":[1011,27,1472,60],"class_list":{"0":"post-324432","1":"post","2":"type-post","3":"status-publish","4":"format-standard","5":"has-post-thumbnail","7":"category-golf","8":"tag-fr","9":"tag-france","10":"tag-golf","11":"tag-sports"},"share_on_mastodon":{"url":"https:\/\/pubeurope.com\/@fr\/115042965614037889","error":""},"_links":{"self":[{"href":"https:\/\/www.europesays.com\/fr\/wp-json\/wp\/v2\/posts\/324432","targetHints":{"allow":["GET"]}}],"collection":[{"href":"https:\/\/www.europesays.com\/fr\/wp-json\/wp\/v2\/posts"}],"about":[{"href":"https:\/\/www.europesays.com\/fr\/wp-json\/wp\/v2\/types\/post"}],"author":[{"embeddable":true,"href":"https:\/\/www.europesays.com\/fr\/wp-json\/wp\/v2\/users\/2"}],"replies":[{"embeddable":true,"href":"https:\/\/www.europesays.com\/fr\/wp-json\/wp\/v2\/comments?post=324432"}],"version-history":[{"count":0,"href":"https:\/\/www.europesays.com\/fr\/wp-json\/wp\/v2\/posts\/324432\/revisions"}],"wp:featuredmedia":[{"embeddable":true,"href":"https:\/\/www.europesays.com\/fr\/wp-json\/wp\/v2\/media\/91176"}],"wp:attachment":[{"href":"https:\/\/www.europesays.com\/fr\/wp-json\/wp\/v2\/media?parent=324432"}],"wp:term":[{"taxonomy":"category","embeddable":true,"href":"https:\/\/www.europesays.com\/fr\/wp-json\/wp\/v2\/categories?post=324432"},{"taxonomy":"post_tag","embeddable":true,"href":"https:\/\/www.europesays.com\/fr\/wp-json\/wp\/v2\/tags?post=324432"}],"curies":[{"name":"wp","href":"https:\/\/api.w.org\/{rel}","templated":true}]}}