{"id":324437,"date":"2025-08-17T07:40:13","date_gmt":"2025-08-17T07:40:13","guid":{"rendered":"https:\/\/www.europesays.com\/fr\/324437\/"},"modified":"2025-08-17T07:40:13","modified_gmt":"2025-08-17T07:40:13","slug":"tennis-lois-boisson-connait-ses-adversaires-pour-son-prochain-tournoi","status":"publish","type":"post","link":"https:\/\/www.europesays.com\/fr\/324437\/","title":{"rendered":"Tennis. Lo\u00efs Boisson conna\u00eet ses adversaires pour son prochain tournoi"},"content":{"rendered":"<p>Elle va retrouver la comp\u00e9tition la semaine prochaine. <a href=\"https:\/\/www.ledauphine.com\/sport\/2025\/08\/16\/apres-sa-blessure-a-l-adducteur-lois-boisson-de-retour-a-l-entrainement-pour-preparer-la-tournee-americaine\" target=\"_blank\" rel=\"noopener\">Apr\u00e8s une douleur<\/a> \u00e0 l&rsquo;adducteur qui l&rsquo;a tenue \u00e9loign\u00e9e des terrains quelques semaines, <a href=\"https:\/\/www.ledauphine.com\/p\/lois-boisson\" target=\"_blank\" rel=\"noopener\">Lo\u00efs Boisson<\/a> est de nouveau op\u00e9rationnelle. La Haut-Savoyarde, <a href=\"https:\/\/www.ledauphine.com\/sport\/2025\/07\/20\/l-annecienne-lois-boisson-remporte-son-premier-titre-wta-au-terme-d-une-finale-folle\" target=\"_blank\" rel=\"noopener\">r\u00e9cente vainqueure \u00e0 Hambourg<\/a>, est align\u00e9e sur le WTA 250 de Cleveland.\u00a0<\/p>\n<p>Un tableau ouvert<\/p>\n<p>Forte de son statut de t\u00eate de s\u00e9rie num\u00e9ro 5, <a href=\"https:\/\/www.ledauphine.com\/sport\/2025\/06\/05\/coco-gauff-met-fin-a-la-belle-aventure-de-lois-boisson-et-rejoint-sabalenka-en-finale\" target=\"_blank\" rel=\"noopener\">la demi-finaliste de Roland-Garros<\/a> a h\u00e9rit\u00e9 d&rsquo;un premier tour plut\u00f4t abordable. Lo\u00efs Boisson fera face \u00e0 la Suissesse Jil Teichmann (83e mondiale). L&rsquo;heure et la date de la rencontre restant encore \u00e0 d\u00e9terminer.<\/p>\n<p>En cas de qualification, la tenniswoman install\u00e9e \u00e0 Annecy affrontera une joueuse issue des qualifications ou la Japonaise Moyuka Uchijima (89e mondiale).<\/p>\n<p>Une bonne mise en jambes avant de prendre part \u00e0 l&rsquo;US Open (24 ao\u00fbt-7 septembre).<\/p>\n","protected":false},"excerpt":{"rendered":"Elle va retrouver la comp\u00e9tition la semaine prochaine. Apr\u00e8s une douleur \u00e0 l&rsquo;adducteur qui l&rsquo;a tenue \u00e9loign\u00e9e des&hellip;\n","protected":false},"author":2,"featured_media":324438,"comment_status":"","ping_status":"","sticky":false,"template":"","format":"standard","meta":{"footnotes":""},"categories":[1415],"tags":[3853,3854,3855,3856,1701,1011,27,4638,517,1947,60,1467],"class_list":{"0":"post-324437","1":"post","2":"type-post","3":"status-publish","4":"format-standard","5":"has-post-thumbnail","7":"category-tennis","8":"tag-annecy","9":"tag-annecy-bassin","10":"tag-annecy-region","11":"tag-edition-annecy-rumilly-les-aravis","12":"tag-fil-info-sport","13":"tag-fr","14":"tag-france","15":"tag-haute-savoie","16":"tag-sport","17":"tag-sport-national","18":"tag-sports","19":"tag-tennis"},"share_on_mastodon":{"url":"https:\/\/pubeurope.com\/@fr\/115042977423808946","error":""},"_links":{"self":[{"href":"https:\/\/www.europesays.com\/fr\/wp-json\/wp\/v2\/posts\/324437","targetHints":{"allow":["GET"]}}],"collection":[{"href":"https:\/\/www.europesays.com\/fr\/wp-json\/wp\/v2\/posts"}],"about":[{"href":"https:\/\/www.europesays.com\/fr\/wp-json\/wp\/v2\/types\/post"}],"author":[{"embeddable":true,"href":"https:\/\/www.europesays.com\/fr\/wp-json\/wp\/v2\/users\/2"}],"replies":[{"embeddable":true,"href":"https:\/\/www.europesays.com\/fr\/wp-json\/wp\/v2\/comments?post=324437"}],"version-history":[{"count":0,"href":"https:\/\/www.europesays.com\/fr\/wp-json\/wp\/v2\/posts\/324437\/revisions"}],"wp:featuredmedia":[{"embeddable":true,"href":"https:\/\/www.europesays.com\/fr\/wp-json\/wp\/v2\/media\/324438"}],"wp:attachment":[{"href":"https:\/\/www.europesays.com\/fr\/wp-json\/wp\/v2\/media?parent=324437"}],"wp:term":[{"taxonomy":"category","embeddable":true,"href":"https:\/\/www.europesays.com\/fr\/wp-json\/wp\/v2\/categories?post=324437"},{"taxonomy":"post_tag","embeddable":true,"href":"https:\/\/www.europesays.com\/fr\/wp-json\/wp\/v2\/tags?post=324437"}],"curies":[{"name":"wp","href":"https:\/\/api.w.org\/{rel}","templated":true}]}}