{"id":324441,"date":"2025-08-17T07:42:11","date_gmt":"2025-08-17T07:42:11","guid":{"rendered":"https:\/\/www.europesays.com\/fr\/324441\/"},"modified":"2025-08-17T07:42:11","modified_gmt":"2025-08-17T07:42:11","slug":"stoner-tire-la-sonnette-dalarme-le-danger-dune-f1-bis","status":"publish","type":"post","link":"https:\/\/www.europesays.com\/fr\/324441\/","title":{"rendered":"Stoner tire la sonnette d\u2019alarme, le danger d\u2019une F1 bis"},"content":{"rendered":"<p>La discipline conna\u00eet une \u00e9volution technologique constante, mais tous ne s\u2019en r\u00e9jouissent pas. Pr\u00e9sent au Grand Prix d\u2019Autriche, Casey Stoner, double champion du monde de MotoGP, s\u2019est montr\u00e9 particuli\u00e8rement inquiet. Selon lui, l\u2019introduction d\u2019aides \u00e9lectroniques de plus en plus pouss\u00e9es, comme le nouveau syst\u00e8me de contr\u00f4le de stabilit\u00e9 cens\u00e9 limiter les high-sides, \u00e9loigne la cat\u00e9gorie de son essence : le pilotage pur.<\/p>\n<p>Stoner d\u00e9plore que ces dispositifs prennent le pas sur le talent des pilotes :<\/p>\n<blockquote>\n<p>\u201cActuellement, nous faisons des champions avec les ing\u00e9nieurs, nous ne faisons pas des champions avec les pilotes. Nous entrons dans une \u00e8re avec toutes les erreurs que la Formule 1 a faites.\u201d D\u00e9clare Stoner, source : <a href=\"http:\/\/motorsport.com\" target=\"_blank\" rel=\"noopener\">motorsport.com<\/a>\u00a0<\/p>\n<\/blockquote>\n<p>Pour l\u2019ancien pilote australien, cette tendance r\u00e9duit la part d\u2019instinct et de courage, piliers du MotoGP. Les performances sont d\u00e9sormais de plus en plus dict\u00e9es par la technologie, au d\u00e9triment de la diff\u00e9rence que peut faire un pilote.<\/p>\n<p><b>Le risque d\u2019un spectacle appauvri<\/b><\/p>\n<p>Au-del\u00e0 du d\u00e9bat technique, Stoner insiste sur la perte d\u2019authenticit\u00e9 que cela pourrait engendrer. En uniformisant les machines et en r\u00e9duisant les \u00e9carts de pilotage, l\u2019\u00e9lectronique risque de priver la cat\u00e9gorie reine d\u2019une partie de son spectacle. Une critique qui fait \u00e9cho aux d\u00e9rives observ\u00e9es en Formule 1 lors de l\u2019\u00e8re de la sur-technologie.<\/p>\n<blockquote>\n<p>\u201cC&rsquo;est toujours un sujet tr\u00e8s difficile, sensible, parce que les pilotes voudront que \u00e7a aille dans une direction et les ing\u00e9nieurs et les constructeurs dans une autre. Donc il y a toujours ce genre de conflit, mais vu que ces motos ne servent pas \u00e0 cr\u00e9er des motos de route, je ne pense pas que nous devrions aller aussi loin que ce qu&rsquo;ils ont fait dans l\u2019\u00e9lectronique.\u201d Explique l\u2019ancien pilote MotoGP, source : <a href=\"http:\/\/motorsport.com\" target=\"_blank\" rel=\"noopener\">motorsport.com<\/a><\/p>\n<\/blockquote>\n<p>Stoner n\u2019appelle pas \u00e0 bannir toute innovation, mais \u00e0 trouver un juste milieu. Selon lui, le MotoGP doit pr\u00e9server ce qui fait sa force : un sport o\u00f9 le pilote garde la part la plus d\u00e9cisive dans la performance.<\/p>\n<blockquote>\n<p>\u201cll ne faut plus que ce soit facile en sortie de courbe parce que l&rsquo;anti-wheelie ou emp\u00eacher la moto de cabrer, ce n&rsquo;est pas un souci de s\u00e9curit\u00e9, c&rsquo;est une commodit\u00e9\u00a0\u00bb, a jug\u00e9 Stoner. \u00ab\u00a0\u00c0 l&rsquo;arri\u00e8re, jusqu&rsquo;\u00e0 un stade que nous connaissions\u00a0\u2013 un pourcentage de glisse de 20%\u00a0\u2013 il faudrait travailler avec cette marge, sans \u00e9lectronique, il faut que [le pilote] contr\u00f4le cet aspect. En plus de \u00e7a, l&rsquo;\u00e9lectronique peut poser probl\u00e8me, il ne faut pas que ce soit une chose sur laquelle on s\u2019appuie.\u201d T\u00e9moigne Stoner, source : <a href=\"http:\/\/motorsport.com\" target=\"_blank\" rel=\"noopener\">motorsport.com<\/a>\u00a0<\/p>\n<\/blockquote>\n<p>    Partagez cette info avec vos amis et vos proches en cliquant ici  <\/p>\n<p> Podcasts \u00e0 la une MEN LIFE <\/p>\n<p>    MotoGP : Stoner tire la sonnette d\u2019alarme, le danger d\u2019une F1 bis<\/p>\n<p>Casey Stoner, double champion du monde, s\u2019inqui\u00e8te de l\u2019\u00e9volution du MotoGP. Pour l\u2019Australien, la discipline tombe dans le pi\u00e8ge de la Formule 1 en laissant l\u2019\u00e9lectronique prendre le pas sur le talent des pilotes MotoGP.<\/p>\n<p>R\u00e9dacteur<\/p>\n<p><img decoding=\"async\" width=\"76\" height=\"76\" loading=\"lazy\" src=\"https:\/\/www.europesays.com\/fr\/wp-content\/uploads\/2025\/04\/avatar-sport-am.png\" alt=\"Victor Teyssier\"\/><\/p>\n","protected":false},"excerpt":{"rendered":"La discipline conna\u00eet une \u00e9volution technologique constante, mais tous ne s\u2019en r\u00e9jouissent pas. Pr\u00e9sent au Grand Prix d\u2019Autriche,&hellip;\n","protected":false},"author":2,"featured_media":324442,"comment_status":"","ping_status":"","sticky":false,"template":"","format":"standard","meta":{"footnotes":""},"categories":[1413],"tags":[1011,27,1457,1456,60],"class_list":{"0":"post-324441","1":"post","2":"type-post","3":"status-publish","4":"format-standard","5":"has-post-thumbnail","7":"category-moto","8":"tag-fr","9":"tag-france","10":"tag-moto","11":"tag-motocycle","12":"tag-sports"},"share_on_mastodon":{"url":"https:\/\/pubeurope.com\/@fr\/115042985269014823","error":""},"_links":{"self":[{"href":"https:\/\/www.europesays.com\/fr\/wp-json\/wp\/v2\/posts\/324441","targetHints":{"allow":["GET"]}}],"collection":[{"href":"https:\/\/www.europesays.com\/fr\/wp-json\/wp\/v2\/posts"}],"about":[{"href":"https:\/\/www.europesays.com\/fr\/wp-json\/wp\/v2\/types\/post"}],"author":[{"embeddable":true,"href":"https:\/\/www.europesays.com\/fr\/wp-json\/wp\/v2\/users\/2"}],"replies":[{"embeddable":true,"href":"https:\/\/www.europesays.com\/fr\/wp-json\/wp\/v2\/comments?post=324441"}],"version-history":[{"count":0,"href":"https:\/\/www.europesays.com\/fr\/wp-json\/wp\/v2\/posts\/324441\/revisions"}],"wp:featuredmedia":[{"embeddable":true,"href":"https:\/\/www.europesays.com\/fr\/wp-json\/wp\/v2\/media\/324442"}],"wp:attachment":[{"href":"https:\/\/www.europesays.com\/fr\/wp-json\/wp\/v2\/media?parent=324441"}],"wp:term":[{"taxonomy":"category","embeddable":true,"href":"https:\/\/www.europesays.com\/fr\/wp-json\/wp\/v2\/categories?post=324441"},{"taxonomy":"post_tag","embeddable":true,"href":"https:\/\/www.europesays.com\/fr\/wp-json\/wp\/v2\/tags?post=324441"}],"curies":[{"name":"wp","href":"https:\/\/api.w.org\/{rel}","templated":true}]}}