{"id":324443,"date":"2025-08-17T07:43:12","date_gmt":"2025-08-17T07:43:12","guid":{"rendered":"https:\/\/www.europesays.com\/fr\/324443\/"},"modified":"2025-08-17T07:43:12","modified_gmt":"2025-08-17T07:43:12","slug":"verstappen-pret-a-passer-par-une-phase-de-reconstruction-chez-red-bull","status":"publish","type":"post","link":"https:\/\/www.europesays.com\/fr\/324443\/","title":{"rendered":"Verstappen pr\u00eat \u00e0 passer par \u00ab\u00a0une phase de reconstruction\u00a0\u00bb chez Red Bull"},"content":{"rendered":"<p><a href=\"https:\/\/fr.motorsport.com\/driver\/max-verstappen\/93029\/\" target=\"_blank\" rel=\"noopener\">Max Verstappen<\/a> ne tergiverse pas. Troisi\u00e8me d&rsquo;un championnat en t\u00eate duquel il voit irr\u00e9m\u00e9diablement les pilotes <a href=\"https:\/\/fr.motorsport.com\/team\/mclaren\/609\/\" target=\"_blank\" rel=\"noopener\">McLaren<\/a> s&rsquo;\u00e9chapper, il sait qu&rsquo;un cinqui\u00e8me titre mondial devient de plus en plus hypoth\u00e9tique. \u00ab\u00a0Il faut simplement accepter o\u00f9 l&rsquo;on se trouve\u00a0\u00bb, admet-il dans un entretien accord\u00e9 au <a href=\"https:\/\/www.formula1.com\/en\/latest\/article\/max-verstappen-2025-title-contention-future-red-bull.59lK9E06oPhnLn18vdDpgE\" target=\"_blank\" rel=\"noopener\">site officiel de la Formule\u00a01<\/a>, tout en n&rsquo;affichant aucune frustration d\u00e9mesur\u00e9e devant la p\u00e9riode sans victoire qu&rsquo;il traverse depuis mai dernier.<\/p>\n<p>\u00ab\u00a0Oui, nous ne sommes pas les plus rapides en ce moment, mais nous ne sommes pas non plus les plus lents. On veut toujours \u00eatre meilleurs, et en r\u00e9alit\u00e9 c&rsquo;\u00e9tait d\u00e9j\u00e0 le cas quand on gagnait. Aujourd&rsquo;hui on ne gagne pas autant. J&rsquo;ai d\u00e9j\u00e0 connu beaucoup d&rsquo;ann\u00e9es avant \u00e7a o\u00f9 je n&rsquo;avais pas de voiture capable de gagner, c&rsquo;est la Formule 1 et on le sait, donc ce n&rsquo;est pas tr\u00e8s dur [\u00e0 g\u00e9rer].\u00a0\u00bb<\/p>\n<p>Sous contrat chez <a href=\"https:\/\/fr.motorsport.com\/team\/red-bull\/553\/\" target=\"_blank\" rel=\"noopener\">Red Bull<\/a> jusqu&rsquo;en 2028, le quadruple champion du monde a mis fin \u00e0 tout suspense juste avant la pause estivale en <a href=\"https:\/\/fr.motorsport.com\/f1\/news\/max-verstappen-confirme-rester-red-bull-2026\/10747019\/\" target=\"_self\" rel=\"noopener\">annon\u00e7ant publiquement qu&rsquo;il ne changerait pas d&rsquo;\u00e9curie l&rsquo;an prochain<\/a>. Il ne l&rsquo;avait pas fait jusque-l\u00e0, au beau milieu de rumeurs incessantes et d&rsquo;un int\u00e9r\u00eat \u00e0 peine dissimul\u00e9 de <a href=\"https:\/\/fr.motorsport.com\/team\/mercedes\/611\/\" target=\"_blank\" rel=\"noopener\">Mercedes<\/a>. Pour le N\u00e9erlandais toutefois, le jeu des petites d\u00e9clarations est vu comme\u00a0\u00ab\u00a0une perte de temps\u00a0\u00bb, m\u00eame s&rsquo;il a fini par siffler la fin de la r\u00e9cr\u00e9.<\/p>\n<p>\u00ab\u00a0Il y a toujours d&rsquo;autres personnes qui parlent beaucoup, tandis que moi je ne parle pas vraiment, avant tout parce que je n&rsquo;en ai pas besoin, je n&rsquo;ai pas besoin de dire quoi que ce soit\u00a0\u00bb, explique-t-il. \u00ab\u00a0Je pense aussi que c&rsquo;est mieux pour tout le monde, au lieu de tourner autour du pot.\u00a0\u00bb<\/p>\n<p>Verstappen est \u00ab\u00a0tr\u00e8s concentr\u00e9 sur 2026\u00a0\u00bb<br \/>\n   <img decoding=\"async\" draggable=\"false\" src=\"https:\/\/www.europesays.com\/fr\/wp-content\/uploads\/2025\/08\/1755416592_199_max-verstappen-red-bull-racing.jpg\" alt=\"Max Verstappen reste d\u00e9termin\u00e9 chez Red Bull.\" width=\"1200\" height=\"800\" loading=\"lazy\"\/> <\/p>\n<p class=\"title\">Max Verstappen reste d\u00e9termin\u00e9 chez Red Bull.<\/p>\n<p class=\"photographer\">Photo de: Red Bull Content Pool<\/p>\n<p>Jugeant\u00a0\u00ab\u00a0formidable de faire partie d&rsquo;une \u00e9quipe depuis si longtemps\u00a0\u00bb\u00a0et la d\u00e9crivant\u00a0\u00ab\u00a0vraiment comme une seconde famille\u00a0\u00bb, Max Verstappen se dit r\u00e9solument tourn\u00e9 vers l&rsquo;avenir. Le navire Red Bull a beaucoup tangu\u00e9 ces derniers mois, jusqu&rsquo;au <a href=\"https:\/\/fr.motorsport.com\/topic\/christian-horner-evince-de-red-bull\/2770\/\" target=\"_self\" rel=\"noopener\">remplacement de Christian Horner par Laurent Mekies<\/a>, mais son pilote vedette semble encore motiv\u00e9 \u00e0 l&rsquo;id\u00e9e d&rsquo;y reb\u00e2tir quelque chose.<\/p>\n<p>\u00ab\u00a0Je suis tr\u00e8s concentr\u00e9 sur 2026 avec l&rsquo;\u00e9quipe, pour regarder devant nous et m&rsquo;assurer que nous ma\u00eetrisons le r\u00e8glement, et que nous soyons comp\u00e9titifs d\u00e8s le d\u00e9part\u00a0\u00bb, pr\u00e9vient-il. \u00ab\u00a0L&rsquo;\u00e9quipe est pass\u00e9e du statut de championne du monde, avant mon arriv\u00e9e, \u00e0 une phase un peu de reconstruction quand je suis arriv\u00e9, puis nous avons retrouv\u00e9 le sommet avec des titres. Aujourd&rsquo;hui, j&rsquo;ai l&rsquo;impression que c&rsquo;est une petite reconstruction.\u00a0\u00bb <\/p>\n<p>\u00ab\u00a0Nous restons bien s\u00fbr une \u00e9quipe tr\u00e8s forte, mais je pense que pour franchir \u00e0 nouveau un cap, il y a une petite reconstruction, ou peut-\u00eatre une r\u00e9organisation, avec une meilleure compr\u00e9hension de ce qui se passe. Et bien s\u00fbr cela prend un peu de temps, mais j&rsquo;esp\u00e8re pas trop. Je pense que \u00e7a fait aussi partie de la mentalit\u00e9 de l&rsquo;\u00e9quipe [de savoir rebondir], \u00e7a a toujours \u00e9t\u00e9 comme \u00e7a, donc \u00e7a ne m&rsquo;inqui\u00e8te pas trop.\u00a0\u00bb<\/p>\n<p>Jusqu&rsquo;\u00e0 quand\u00a0? La patience de Max Verstappen sera \u00e0 coup s\u00fbr mise \u00e0 l&rsquo;\u00e9preuve du projet 2026, pour lequel Red Bull construira son propre moteur via son alliance avec Ford. D\u00e8s lors, il pourra juger sur pi\u00e8ce le niveau de performance et d\u00e9cider de son avenir.<\/p>\n<p>Lire aussi :<\/p>\n<p>Dans cet article<\/p>\n<p>Soyez le premier inform\u00e9 et souscrivez aux alertes mails pour recevoir les infos en temps r\u00e9el<\/p>\n<p>    S&rsquo;abonner aux alertes de news<\/p>\n","protected":false},"excerpt":{"rendered":"Max Verstappen ne tergiverse pas. Troisi\u00e8me d&rsquo;un championnat en t\u00eate duquel il voit irr\u00e9m\u00e9diablement les pilotes McLaren s&rsquo;\u00e9chapper,&hellip;\n","protected":false},"author":2,"featured_media":324444,"comment_status":"","ping_status":"","sticky":false,"template":"","format":"standard","meta":{"footnotes":""},"categories":[1412],"tags":[1451,1452,1453,1454,1455,1011,27,2236,2255,60,46140],"class_list":{"0":"post-324443","1":"post","2":"type-post","3":"status-publish","4":"format-standard","5":"has-post-thumbnail","7":"category-f1","8":"tag-f1","9":"tag-formula-1","10":"tag-formula1","11":"tag-formule-1","12":"tag-formule1","13":"tag-fr","14":"tag-france","15":"tag-max-verstappen","16":"tag-red-bull","17":"tag-sports","18":"tag-verstappen-pru00eat-u00e0-passer-par-une-phase-de-reconstruction-chez-red-bull"},"share_on_mastodon":{"url":"https:\/\/pubeurope.com\/@fr\/115042989215856014","error":""},"_links":{"self":[{"href":"https:\/\/www.europesays.com\/fr\/wp-json\/wp\/v2\/posts\/324443","targetHints":{"allow":["GET"]}}],"collection":[{"href":"https:\/\/www.europesays.com\/fr\/wp-json\/wp\/v2\/posts"}],"about":[{"href":"https:\/\/www.europesays.com\/fr\/wp-json\/wp\/v2\/types\/post"}],"author":[{"embeddable":true,"href":"https:\/\/www.europesays.com\/fr\/wp-json\/wp\/v2\/users\/2"}],"replies":[{"embeddable":true,"href":"https:\/\/www.europesays.com\/fr\/wp-json\/wp\/v2\/comments?post=324443"}],"version-history":[{"count":0,"href":"https:\/\/www.europesays.com\/fr\/wp-json\/wp\/v2\/posts\/324443\/revisions"}],"wp:featuredmedia":[{"embeddable":true,"href":"https:\/\/www.europesays.com\/fr\/wp-json\/wp\/v2\/media\/324444"}],"wp:attachment":[{"href":"https:\/\/www.europesays.com\/fr\/wp-json\/wp\/v2\/media?parent=324443"}],"wp:term":[{"taxonomy":"category","embeddable":true,"href":"https:\/\/www.europesays.com\/fr\/wp-json\/wp\/v2\/categories?post=324443"},{"taxonomy":"post_tag","embeddable":true,"href":"https:\/\/www.europesays.com\/fr\/wp-json\/wp\/v2\/tags?post=324443"}],"curies":[{"name":"wp","href":"https:\/\/api.w.org\/{rel}","templated":true}]}}