{"id":324452,"date":"2025-08-17T07:48:11","date_gmt":"2025-08-17T07:48:11","guid":{"rendered":"https:\/\/www.europesays.com\/fr\/324452\/"},"modified":"2025-08-17T07:48:11","modified_gmt":"2025-08-17T07:48:11","slug":"du-nouveau-dans-ma-bibliotheque-27-25","status":"publish","type":"post","link":"https:\/\/www.europesays.com\/fr\/324452\/","title":{"rendered":"Du nouveau dans ma biblioth\u00e8que (27\/25)"},"content":{"rendered":"<p><img loading=\"lazy\" decoding=\"async\" class=\"aligncenter size-medium wp-image-229331\" src=\"https:\/\/www.europesays.com\/fr\/wp-content\/uploads\/2025\/07\/du_nouveau_bibliotheque-300x213.jpg\" alt=\"\" width=\"300\" height=\"213\"  \/><\/p>\n<p>La plupart des livres de la rentr\u00e9e litt\u00e9raire para\u00eetront les deux prochaines semaines. Mais il y a un roman qui se place en premi\u00e8re place cette semaine.<\/p>\n<p><a href=\"https:\/\/www.grasset.fr\/livre\/le-livre-de-kells-9782246843214\/\" rel=\"nofollow noopener\" target=\"_blank\"><img loading=\"lazy\" decoding=\"async\" class=\"aligncenter size-medium wp-image-234840\" src=\"https:\/\/www.europesays.com\/fr\/wp-content\/uploads\/2025\/08\/Chalandon-205x300.jpeg\" alt=\"\" width=\"205\" height=\"300\"  \/><\/a><\/p>\n<p>Et ce fut <a href=\"https:\/\/surlaroutedejostein.fr\/2025\/08\/14\/le-livre-de-kells-sorj-chalandon\/\" rel=\"nofollow noopener\" target=\"_blank\">la premi\u00e8re chronique de rentr\u00e9e<\/a> sur mon blog.<\/p>\n<p>Bonne semaine et bonnes lectures<\/p>\n<p>J\u2019aime \u00e7a\u00a0:<\/p>\n<p>J\u2019aime chargement\u2026<\/p>\n<p><a class=\"sd-link-color\"\/><\/p>\n<p>\n\tArticles similaires<\/p>\n","protected":false},"excerpt":{"rendered":"La plupart des livres de la rentr\u00e9e litt\u00e9raire para\u00eetront les deux prochaines semaines. Mais il y a un&hellip;\n","protected":false},"author":2,"featured_media":231484,"comment_status":"","ping_status":"","sticky":false,"template":"","format":"standard","meta":{"footnotes":""},"categories":[1357],"tags":[1379,58,59,1011,27,1380],"class_list":{"0":"post-324452","1":"post","2":"type-post","3":"status-publish","4":"format-standard","5":"has-post-thumbnail","7":"category-livres","8":"tag-books","9":"tag-divertissement","10":"tag-entertainment","11":"tag-fr","12":"tag-france","13":"tag-livres"},"share_on_mastodon":{"url":"https:\/\/pubeurope.com\/@fr\/115043008872246494","error":""},"_links":{"self":[{"href":"https:\/\/www.europesays.com\/fr\/wp-json\/wp\/v2\/posts\/324452","targetHints":{"allow":["GET"]}}],"collection":[{"href":"https:\/\/www.europesays.com\/fr\/wp-json\/wp\/v2\/posts"}],"about":[{"href":"https:\/\/www.europesays.com\/fr\/wp-json\/wp\/v2\/types\/post"}],"author":[{"embeddable":true,"href":"https:\/\/www.europesays.com\/fr\/wp-json\/wp\/v2\/users\/2"}],"replies":[{"embeddable":true,"href":"https:\/\/www.europesays.com\/fr\/wp-json\/wp\/v2\/comments?post=324452"}],"version-history":[{"count":0,"href":"https:\/\/www.europesays.com\/fr\/wp-json\/wp\/v2\/posts\/324452\/revisions"}],"wp:featuredmedia":[{"embeddable":true,"href":"https:\/\/www.europesays.com\/fr\/wp-json\/wp\/v2\/media\/231484"}],"wp:attachment":[{"href":"https:\/\/www.europesays.com\/fr\/wp-json\/wp\/v2\/media?parent=324452"}],"wp:term":[{"taxonomy":"category","embeddable":true,"href":"https:\/\/www.europesays.com\/fr\/wp-json\/wp\/v2\/categories?post=324452"},{"taxonomy":"post_tag","embeddable":true,"href":"https:\/\/www.europesays.com\/fr\/wp-json\/wp\/v2\/tags?post=324452"}],"curies":[{"name":"wp","href":"https:\/\/api.w.org\/{rel}","templated":true}]}}