{"id":324455,"date":"2025-08-17T07:50:12","date_gmt":"2025-08-17T07:50:12","guid":{"rendered":"https:\/\/www.europesays.com\/fr\/324455\/"},"modified":"2025-08-17T07:50:12","modified_gmt":"2025-08-17T07:50:12","slug":"cet-album-de-stephan-eicher-a-fait-couler-sa-carriere","status":"publish","type":"post","link":"https:\/\/www.europesays.com\/fr\/324455\/","title":{"rendered":"cet album de Stephan Eicher a fait couler sa carri\u00e8re"},"content":{"rendered":"<p><img decoding=\"async\" src=\"https:\/\/www.europesays.com\/fr\/wp-content\/uploads\/2025\/08\/photo_1752680397.jpg\" class=\"textcenter img-content\" loading=\"lazy\"\/>Bestimage<br \/>\n<br \/>\nDepuis plus de 45 ans, Stephan Eicher m\u00e8ne sa carri\u00e8re \u00e0 son rythme, faisant fi des conventions. Dans son nouveau spectacle \u00ab\u00a0Seul en sc\u00e8ne\u00a0\u00bb, qu&rsquo;il joue jusqu&rsquo;au printemps prochain, le musicien suisse retrace d&rsquo;ailleurs les \u00e9tapes cl\u00e9s de son parcours, de ses d\u00e9buts new-wave avec son groupe Grauzone (\u00ab\u00a0Eisb\u00e4r\u00a0\u00bb) \u00e0 son \u00e9norme succ\u00e8s pop-rock (\u00ab\u00a0D\u00e9jeuner en paix\u00a0\u00bb), en passant par les influences qui l&rsquo;ont forg\u00e9 (Lou Reed, Patti Smith, Prince). Il faut dire que Stephan Eicher a connu une carri\u00e8re pas comme les autres : r\u00e9v\u00e9l\u00e9 au grand public au mitan des ann\u00e9es 80 avec \u00ab\u00a0Two People in a Room\u00a0\u00bb puis \u00ab\u00a0Combien de temps\u00a0\u00bb, il devient une superstar au d\u00e9but des 90&rsquo;s. Port\u00e9 par les tubes \u00ab\u00a0D\u00e9jeuner en paix\u00a0\u00bb, \u00ab\u00a0Pas d&rsquo;ami (comme toi)\u00a0\u00bb et \u00ab\u00a0Rivi\u00e8re\u00a0\u00bb, ses albums \u00ab\u00a0Engelberg\u00a0\u00bb et \u00ab\u00a0Carcassonne\u00a0\u00bb se vendent \u00e0 plus d&rsquo;un million d&rsquo;exemplaires chacun, d\u00e9clenchant une v\u00e9ritable \u00ab\u00a0Eichermania\u00a0\u00bb l&rsquo;obligeant \u00e0 jouer dans la cour des grands, \u00e0 savoir les Z\u00e9nith. Sauf qu&rsquo;apr\u00e8s une tourn\u00e9e \u00e9reintante de plus de 100 dates en 1994, le chanteur arr\u00eate tout et part se ressourcer lors de voyages en Afrique et en Asie. <\/p>\n<p>Le player Dailymotion est en train de se charger&#8230;<\/p>\n<p>\u00ab\u00a0Il ne contient pas le tube esp\u00e9r\u00e9\u00a0\u00bb<br \/>\nCe n&rsquo;est qu&rsquo;en 1996 que Stephan Eicher se remet au travail et pr\u00e9pare son huiti\u00e8me album studio, nomm\u00e9 \u00ab\u00a01000 vies\u00a0\u00bb. Le musicien suisse y prend le pouls des modes de l&rsquo;\u00e9poque, et navigue entre world music (\u00ab\u00a0Dis moi o\u00f9\u00a0\u00bb, \u00ab\u00a0Der Rand Der Welt\u00a0\u00bb), symphonique (\u00ab\u00a01000 vies\u00a0\u00bb), rock (\u00ab\u00a0Elle mal \u00e9treint\u00a0\u00bb), folk (\u00ab\u00a0Bones\u00a0\u00bb, tr\u00e8s Beck dans l&rsquo;\u00e2me), trip-hop (\u00ab\u00a071\/200\u00a0\u00bb) et \u00e9lectronique (\u00ab\u00a0Oh ironie\u00a0\u00bb). Ceux qui s&rsquo;attendaient \u00e0 un \u00ab\u00a0Engelberg bis\u00a0\u00bb tombent des nues. Sa maison de disques, Barclay, en premier lieu. \u00ab \u00ab\u00a01000 vies\u00a0\u00bb est alors l&rsquo;objet de nombreuses discussions marketing auxquelles j&rsquo;assiste de loin, n&rsquo;\u00e9tant pas directement concern\u00e9, et ne contient pas le tube esp\u00e9r\u00e9, ce qui brise la dynamique de sa carri\u00e8re \u00bb se rem\u00e9more le journaliste Yves Bigot, dans la biographie consacr\u00e9e \u00e0 Stephan Eicher \u00e9crite par S\u00e9bastien Bataille et disponible aux \u00e9ditions L&rsquo;Archipel. Alors que les nouveaux h\u00e9ros du rock fran\u00e7ais se nomment Noir D\u00e9sir, la proposition originale d&rsquo;Eicher appara\u00eet en d\u00e9calage.<\/p>\n<p>Teint\u00e9 de pulsations \u00e9lectroniques, le single \u00ab\u00a0Oh ironie\u00a0\u00bb est envoy\u00e9 en \u00e9claireur. La chanson se classe 23\u00e8me du Top 50, avant de dispara\u00eetre des classements quatre semaines plus tard. \u00ab [\u00ab\u00a0Oh ironie\u00a0\u00bb] a \u00e9t\u00e9 diffus\u00e9 plus de quinze fois par jour sur NRJ. Le clip \u00e9tait aussi en rotation maximum sur M6, mais c&rsquo;est le moment o\u00f9 sont arriv\u00e9s les \u00ab\u00a0tests radio\u00a0\u00bb [afin de tester la popularit\u00e9 d&rsquo;une chanson aupr\u00e8s d&rsquo;une audience cible, ndlr], et, du jour au lendemain, NRJ a arr\u00eat\u00e9 de jouer \u00ab\u00a0Oh Ironie\u00a0\u00bb&#8230; \u00bb se rem\u00e9more Alain Lahana, tourneur de Stephan Eicher pendant 20 ans. Sans v\u00e9ritable tube au programme, l&rsquo;album \u00ab\u00a01000 vies\u00a0\u00bb a du mal \u00e0 d\u00e9coller. Il ne d\u00e9passe pas la 18\u00e8me place des charts \u00e0 sa sortie en novembre 1996 et n&rsquo;y reste class\u00e9 que deux mois. Il s&rsquo;\u00e9coule \u00e0 250.000 exemplaires, un score loin d&rsquo;\u00eatre honteux mais quatre fois moins \u00e9lev\u00e9 que ses deux pr\u00e9d\u00e9cesseurs. Une d\u00e9convenue pour celui qui, trois ann\u00e9es auparavant, \u00e9tait au sommet de sa popularit\u00e9. <\/p>\n<\/p>\n<p>En cons\u00e9quence de ce \u00ab semi-\u00e9chec \u00bb, l&rsquo;\u00e9norme tourn\u00e9e \u00ab\u00a01000 vies\u00a0\u00bb, pr\u00e9vue dans les plus grandes salles fran\u00e7aises en 1998, est annul\u00e9e. Des concerts \u00e9taient pourtant programm\u00e9s au Z\u00e9nith de Paris ou au Forest National de Bruxelles. \u00ab On allait partir sur la route avec Manu Katch\u00e9, Pino Palladino, etc., c&rsquo;\u00e9tait un vrai p*tain de truc ! (&#8230;) J&rsquo;ai annul\u00e9 la tourn\u00e9e. On n&rsquo;a pas fait les Z\u00e9nith pr\u00e9vus, on a perdu plus d&rsquo;un million&#8230; On s&rsquo;est dit qu&rsquo;on n&rsquo;allait pas faire \u00e7a maintenant \u00bb se rappelle Alain Lahana. \u00c0 la place, Stephan Eicher programme le \u00ab\u00a0Backstage Concerto\u00a0\u00bb, avec un d\u00e9cor d&rsquo;appartement et o\u00f9 il accueille lui-m\u00eame les spectateurs entrant dans les salles, plus intimistes. <\/p>\n<\/p>\n<p>\u00ab\u00a0Une gaufre monumentale avec l&rsquo;annulation\u00a0\u00bb<br \/>\nMalgr\u00e9 cette d\u00e9convenue commerciale, Stephan Eicher peut compter sur le soutien de Pascal N\u00e8gre et d&rsquo;Olivier Caillart de Barclay, qui d\u00e9cident de r\u00e9injecter un million de francs dans la promotion du disque. \u00ab On s&rsquo;\u00e9tait pris une gaufre monumentale avec l&rsquo;annulation de la tourn\u00e9e, et malgr\u00e9 tout, Pascal a continu\u00e9 \u00e0 marketer&#8230; Il m&rsquo;a dit : \u00ab\u00a0Tiens, je te rajoute un million de marketing\u00a0\u00bb. Et \u00e7a, \u00e7a n&rsquo;existe pas, \u00e7a n&rsquo;existe plus ! (&#8230;) Alors que maintenant, pour se faire rembourser une note de taxi, faut y aller&#8230; \u00bb souligne l&rsquo;ancien tourneur de l&rsquo;artiste. <\/p>\n<p>Avec le recul, Stephan Eicher dit avoir voulu volontairement saboter son succ\u00e8s : \u00ab Je n&rsquo;ai pas r\u00e9ussi \u00e0 faire \u00ab\u00a0Carcassonne 2\u00a0\u00bb ou \u00ab\u00a0Engelberg 2\u00a0\u00bb ; c&rsquo;\u00e9tait vital pour moi de passer \u00e0 autre chose. Ce fut un album de d\u00e9molition. Mais c&rsquo;est bien comme \u00e7a. C&rsquo;\u00e9tait un peu voulu, honn\u00eatement. Je voulais tout faire seul. Je le d\u00e9fends encore \u00bb. Plus accessible musicalement parlant, son album suivant \u00ab\u00a0Louanges\u00a0\u00bb lui permettra de retrouver une partie de son public, avec plus de 300.000 ventes \u00e0 la cl\u00e9 en 1999.<\/p>\n","protected":false},"excerpt":{"rendered":"Bestimage Depuis plus de 45 ans, Stephan Eicher m\u00e8ne sa carri\u00e8re \u00e0 son rythme, faisant fi des conventions.&hellip;\n","protected":false},"author":2,"featured_media":324456,"comment_status":"","ping_status":"","sticky":false,"template":"","format":"standard","meta":{"footnotes":""},"categories":[1355],"tags":[58,59,1011,27,1361,873],"class_list":{"0":"post-324455","1":"post","2":"type-post","3":"status-publish","4":"format-standard","5":"has-post-thumbnail","7":"category-musique","8":"tag-divertissement","9":"tag-entertainment","10":"tag-fr","11":"tag-france","12":"tag-music","13":"tag-musique"},"share_on_mastodon":{"url":"https:\/\/pubeurope.com\/@fr\/115043016699552744","error":""},"_links":{"self":[{"href":"https:\/\/www.europesays.com\/fr\/wp-json\/wp\/v2\/posts\/324455","targetHints":{"allow":["GET"]}}],"collection":[{"href":"https:\/\/www.europesays.com\/fr\/wp-json\/wp\/v2\/posts"}],"about":[{"href":"https:\/\/www.europesays.com\/fr\/wp-json\/wp\/v2\/types\/post"}],"author":[{"embeddable":true,"href":"https:\/\/www.europesays.com\/fr\/wp-json\/wp\/v2\/users\/2"}],"replies":[{"embeddable":true,"href":"https:\/\/www.europesays.com\/fr\/wp-json\/wp\/v2\/comments?post=324455"}],"version-history":[{"count":0,"href":"https:\/\/www.europesays.com\/fr\/wp-json\/wp\/v2\/posts\/324455\/revisions"}],"wp:featuredmedia":[{"embeddable":true,"href":"https:\/\/www.europesays.com\/fr\/wp-json\/wp\/v2\/media\/324456"}],"wp:attachment":[{"href":"https:\/\/www.europesays.com\/fr\/wp-json\/wp\/v2\/media?parent=324455"}],"wp:term":[{"taxonomy":"category","embeddable":true,"href":"https:\/\/www.europesays.com\/fr\/wp-json\/wp\/v2\/categories?post=324455"},{"taxonomy":"post_tag","embeddable":true,"href":"https:\/\/www.europesays.com\/fr\/wp-json\/wp\/v2\/tags?post=324455"}],"curies":[{"name":"wp","href":"https:\/\/api.w.org\/{rel}","templated":true}]}}