{"id":324457,"date":"2025-08-17T07:51:19","date_gmt":"2025-08-17T07:51:19","guid":{"rendered":"https:\/\/www.europesays.com\/fr\/324457\/"},"modified":"2025-08-17T07:51:19","modified_gmt":"2025-08-17T07:51:19","slug":"le-choix-inattendu-pour-incarner-le-nouveau-rambo","status":"publish","type":"post","link":"https:\/\/www.europesays.com\/fr\/324457\/","title":{"rendered":"le choix inattendu pour incarner le nouveau Rambo"},"content":{"rendered":"<p class=\"mb-4 text-lg md:leading-8 break-words\">Rambo reprend du service. Non pas Sylvester Stallone, mais une version jeune du\u00a0personnage. L&rsquo;industrie du cin\u00e9ma <a class=\"link \" href=\"https:\/\/www.lepoint.fr\/culture\/le-cyclone-de-l-ia-balaye-aussi-l-industrie-du-cinema-10-08-2025-2596051_3.php\" rel=\"nofollow noopener\" target=\"_blank\" data-ylk=\"slk:ne peut pas\u00a0utiliser l&#039;intelligence artificielle;elm:context_link;itc:0;sec:content-canvas\">ne peut pas\u00a0utiliser l&rsquo;intelligence artificielle<\/a> pour r\u00e9aliser enti\u00e8rement un film o\u00f9 pourrait r\u00e9appara\u00eetre celui qui a interpr\u00e9t\u00e9 le c\u00e9l\u00e8bre b\u00e9ret vert traumatis\u00e9 durant la guerre du\u00a0Vietnam, \u00e0 moins de s&rsquo;attirer une nouvelle fois les foudres des syndicats.<\/p>\n<p class=\"mb-4 text-lg md:leading-8 break-words\">Millennium Media (qui relance la saga) a donc port\u00e9 son choix sur un jeune acteur.\u00a0Et, non, ce ne sera pas Ryan Gosling, que Sylvester Stallone <a class=\"link \" href=\"https:\/\/www.lepoint.fr\/culture\/sylvester-stallone-verrait-bien-ryan-gosling-en-rambo-18-02-2024-2552716_3.php\" rel=\"nofollow noopener\" target=\"_blank\" data-ylk=\"slk:voyait pourtant bien;elm:context_link;itc:0;sec:content-canvas\">voyait pourtant bien<\/a> dans le r\u00f4le.\u00a0Le futur John Rambo sera, \u00e0 en croire <a class=\"link \" href=\"https:\/\/deadline.com\/2025\/08\/rambo-prequel-movie-noah-centineo-1236483104\" rel=\"nofollow noopener\" target=\"_blank\" data-ylk=\"slk:Deadline;elm:context_link;itc:0;sec:content-canvas\">Deadline<\/a>, Noah Centineo.<\/p>\n<p class=\"mb-4 text-lg md:leading-8 break-words\"><a href=\"https:\/\/www.instagram.com\/reel\/DNOOoReJqPG\/?utm_source=ig_embed&amp;utm_campaign=loading\" rel=\"nofollow noopener\" target=\"_blank\" data-ylk=\"slk:Voir cette publication sur Instagram;elm:context_link;itc:0;sec:content-canvas\" class=\"link \">Voir cette publication sur Instagram<\/a><\/p>\n<p class=\"mb-4 text-lg md:leading-8 break-words\"><a href=\"https:\/\/www.instagram.com\/reel\/DNOOoReJqPG\/?utm_source=ig_embed&amp;utm_campaign=loading\" rel=\"nofollow noopener\" target=\"_blank\" data-ylk=\"slk:Une publication partag\u00e9e par Deadline (@deadline);elm:context_link;itc:0;sec:content-canvas\" class=\"link \">Une publication partag\u00e9e par Deadline (@deadline)<\/a><\/p>\n<p class=\"mb-4 text-lg md:leading-8 break-words\">Le com\u00e9dien am\u00e9ricain est loin d&rsquo;\u00eatre un novice des plateaux de tournage. N\u00e9 \u00e0 Miami le 9\u00a0mai 1996, Noah Centineo s&rsquo;est d&rsquo;abord fait conna\u00eetre dans le r\u00f4le de Jesus Adams Foster dans la s\u00e9rie t\u00e9l\u00e9vis\u00e9e am\u00e9ricaine The Fosters (2013-2018), puis pour ses interpr\u00e9tations dans les rom-com The Perfect Date (2019), les trois volets de \u00c0 tous les gar\u00e7ons (2018,\u00a02020\u00a0et 2021), ou encore Sierra Burgess Is a Loser\u00a0(2018).<\/p>\n<p class=\"mb-4 text-lg md:leading-8 break-words\">Avec la s\u00e9rie d&rsquo;espionnage The Recruit (2022-2024), son personnage de super-h\u00e9ros dans Black Adam, un r\u00f4le dans le film de guerre Warfare de Ray Mendoza et Alex Garland, et dans la com\u00e9die d&rsquo;horreur Dream Scenario, de Kristoffer Borgli avec Nicolas Cage, sa carri\u00e8re s&rsquo;est muscl\u00e9e. Et du muscle, il en faudra \u00e0 Noa [&#8230;] <a href=\"https:\/\/www.lepoint.fr\/culture\/stallone-remplace-le-choix-inattendu-pour-incarner-le-nouveau-rambo-17-08-2025-2596456_3.php\" rel=\"nofollow noopener\" target=\"_blank\" data-ylk=\"slk:Lire la suite;elm:context_link;itc:0;sec:content-canvas\" class=\"link \">Lire la suite<\/a><\/p>\n<p><script async src=\"\/\/www.instagram.com\/embed.js\"><\/script><\/p>\n","protected":false},"excerpt":{"rendered":"Rambo reprend du service. Non pas Sylvester Stallone, mais une version jeune du\u00a0personnage. L&rsquo;industrie du cin\u00e9ma ne peut&hellip;\n","protected":false},"author":2,"featured_media":324458,"comment_status":"","ping_status":"","sticky":false,"template":"","format":"standard","meta":{"footnotes":""},"categories":[1354],"tags":[58,59,28600,1346,1011,27,46144,46142,46145,1360,46141,46143,5895],"class_list":{"0":"post-324457","1":"post","2":"type-post","3":"status-publish","4":"format-standard","5":"has-post-thumbnail","7":"category-films","8":"tag-divertissement","9":"tag-entertainment","10":"tag-film-de-guerre","11":"tag-films","12":"tag-fr","13":"tag-france","14":"tag-john-rambo","15":"tag-lindustrie-du-cinema","16":"tag-millennium-media","17":"tag-movies","18":"tag-noah-centineo","19":"tag-ryan-gosling","20":"tag-sylvester-stallone"},"share_on_mastodon":{"url":"https:\/\/pubeurope.com\/@fr\/115043020844469773","error":""},"_links":{"self":[{"href":"https:\/\/www.europesays.com\/fr\/wp-json\/wp\/v2\/posts\/324457","targetHints":{"allow":["GET"]}}],"collection":[{"href":"https:\/\/www.europesays.com\/fr\/wp-json\/wp\/v2\/posts"}],"about":[{"href":"https:\/\/www.europesays.com\/fr\/wp-json\/wp\/v2\/types\/post"}],"author":[{"embeddable":true,"href":"https:\/\/www.europesays.com\/fr\/wp-json\/wp\/v2\/users\/2"}],"replies":[{"embeddable":true,"href":"https:\/\/www.europesays.com\/fr\/wp-json\/wp\/v2\/comments?post=324457"}],"version-history":[{"count":0,"href":"https:\/\/www.europesays.com\/fr\/wp-json\/wp\/v2\/posts\/324457\/revisions"}],"wp:featuredmedia":[{"embeddable":true,"href":"https:\/\/www.europesays.com\/fr\/wp-json\/wp\/v2\/media\/324458"}],"wp:attachment":[{"href":"https:\/\/www.europesays.com\/fr\/wp-json\/wp\/v2\/media?parent=324457"}],"wp:term":[{"taxonomy":"category","embeddable":true,"href":"https:\/\/www.europesays.com\/fr\/wp-json\/wp\/v2\/categories?post=324457"},{"taxonomy":"post_tag","embeddable":true,"href":"https:\/\/www.europesays.com\/fr\/wp-json\/wp\/v2\/tags?post=324457"}],"curies":[{"name":"wp","href":"https:\/\/api.w.org\/{rel}","templated":true}]}}