{"id":324469,"date":"2025-08-17T07:57:10","date_gmt":"2025-08-17T07:57:10","guid":{"rendered":"https:\/\/www.europesays.com\/fr\/324469\/"},"modified":"2025-08-17T07:57:10","modified_gmt":"2025-08-17T07:57:10","slug":"des-manifestations-debutent-dans-plusieurs-villes-disrael-pour-reclamer-la-fin-de-loffensive-et-la-liberation-des-otages","status":"publish","type":"post","link":"https:\/\/www.europesays.com\/fr\/324469\/","title":{"rendered":"des manifestations d\u00e9butent dans plusieurs villes d\u2019Isra\u00ebl pour r\u00e9clamer la fin de l\u2019offensive et la lib\u00e9ration des otages"},"content":{"rendered":"<p>   Au moins 22\u00a0personnes ont \u00e9t\u00e9 tu\u00e9es dans la bande de Gaza, selon la d\u00e9fense civile de l\u2019enclave, alors que les bombardements sur la ville de Gaza s\u2019intensifient             <\/p>\n<p class=\"post__live-container--answer-text post__space-node\">La d\u00e9fense civile locale a fait \u00e9tat de la mort samedi de 22 Palestiniens, dont des enfants, tu\u00e9s dans la bande de Gaza. Le porte-parole de la d\u00e9fense civile de l\u2019enclave, Mahmoud Bassal, a affirm\u00e9 \u00e0 l\u2019Agence France-Presse (AFP) qu\u2019un quartier de la ville de Gaza dans le nord du territoire palestinien, assi\u00e9g\u00e9 et affam\u00e9, \u00e9tait soumis \u00e0 d\u2019intenses bombardements depuis presque une semaine.<\/p>\n<p class=\"post__live-container--answer-text post__space-node\">\u00ab\u00a0Nous estimons que plus de 50\u00a0000 personnes restent dans le quartier de Zeitoun, la plupart sans eau ni nourriture\u00a0\u00bb, a-t-il dit, en accusant Isra\u00ebl de \u00ab\u00a0nettoyage ethnique\u00a0\u00bb dans ce quartier et dans celui voisin de Tel Al-Hawa. \u00ab\u00a0Nos \u00e9quipes n\u2019ont pas acc\u00e8s aux bless\u00e9s.\u00a0\u00bb<\/p>\n<p class=\"post__live-container--answer-text post__space-node\">Parmi les 22\u00a0Palestiniens tu\u00e9s par les tirs et frappes de l\u2019arm\u00e9e isra\u00e9lienne, neuf l\u2019ont \u00e9t\u00e9 pr\u00e8s de deux centres de distributions d\u2019aide humanitaire dans le sud et le nord du territoire, a pr\u00e9cis\u00e9 Mahmoud Bassal. Six autres Palestiniens, dont trois enfants, ont p\u00e9ri dans deux frappes sur le camp de r\u00e9fugi\u00e9s d\u2019Al-Boureij, dans le centre, et sur la zone d\u2019Al-Mawassi, au sud.<\/p>\n<p class=\"post__live-container--answer-text post__space-node\">Le porte-parole de la d\u00e9fense civile s\u2019est alarm\u00e9 des op\u00e9rations de l\u2019arm\u00e9e isra\u00e9lienne dans la ville de Gaza, comme il le fait depuis presque une semaine maintenant\u00a0: \u00ab\u00a0Les habitants n\u2019ont aucun endroit o\u00f9 se r\u00e9fugier. La situation est catastrophique.\u00a0\u00bb<\/p>\n<p class=\"post__live-container--answer-text post__space-node\">Ghassan Kashko, 40\u00a0ans, un habitant de la ville de Gaza, vit avec sa famille dans une \u00e9cole o\u00f9 ont trouv\u00e9 refuge d\u2019autres d\u00e9plac\u00e9s. \u00ab\u00a0Nous avons oubli\u00e9 ce qu\u2019est le sommeil. Les raids a\u00e9riens et les tirs de char ne s\u2019arr\u00eatent pas. (\u2026) Nous n\u2019avons plus ni nourriture ni eau potable\u00a0\u00bb, a-t-il d\u00e9clar\u00e9 au t\u00e9l\u00e9phone \u00e0 l\u2019AFP.<\/p>\n","protected":false},"excerpt":{"rendered":"Au moins 22\u00a0personnes ont \u00e9t\u00e9 tu\u00e9es dans la bande de Gaza, selon la d\u00e9fense civile de l\u2019enclave, alors&hellip;\n","protected":false},"author":2,"featured_media":324470,"comment_status":"","ping_status":"","sticky":false,"template":"","format":"standard","meta":{"footnotes":""},"categories":[5],"tags":[11,1011,27,14,12,28],"class_list":{"0":"post-324469","1":"post","2":"type-post","3":"status-publish","4":"format-standard","5":"has-post-thumbnail","7":"category-international","8":"tag-actualites","9":"tag-fr","10":"tag-france","11":"tag-international","12":"tag-news","13":"tag-world"},"share_on_mastodon":{"url":"https:\/\/pubeurope.com\/@fr\/115043044208993607","error":""},"_links":{"self":[{"href":"https:\/\/www.europesays.com\/fr\/wp-json\/wp\/v2\/posts\/324469","targetHints":{"allow":["GET"]}}],"collection":[{"href":"https:\/\/www.europesays.com\/fr\/wp-json\/wp\/v2\/posts"}],"about":[{"href":"https:\/\/www.europesays.com\/fr\/wp-json\/wp\/v2\/types\/post"}],"author":[{"embeddable":true,"href":"https:\/\/www.europesays.com\/fr\/wp-json\/wp\/v2\/users\/2"}],"replies":[{"embeddable":true,"href":"https:\/\/www.europesays.com\/fr\/wp-json\/wp\/v2\/comments?post=324469"}],"version-history":[{"count":0,"href":"https:\/\/www.europesays.com\/fr\/wp-json\/wp\/v2\/posts\/324469\/revisions"}],"wp:featuredmedia":[{"embeddable":true,"href":"https:\/\/www.europesays.com\/fr\/wp-json\/wp\/v2\/media\/324470"}],"wp:attachment":[{"href":"https:\/\/www.europesays.com\/fr\/wp-json\/wp\/v2\/media?parent=324469"}],"wp:term":[{"taxonomy":"category","embeddable":true,"href":"https:\/\/www.europesays.com\/fr\/wp-json\/wp\/v2\/categories?post=324469"},{"taxonomy":"post_tag","embeddable":true,"href":"https:\/\/www.europesays.com\/fr\/wp-json\/wp\/v2\/tags?post=324469"}],"curies":[{"name":"wp","href":"https:\/\/api.w.org\/{rel}","templated":true}]}}