{"id":324479,"date":"2025-08-17T08:03:13","date_gmt":"2025-08-17T08:03:13","guid":{"rendered":"https:\/\/www.europesays.com\/fr\/324479\/"},"modified":"2025-08-17T08:03:13","modified_gmt":"2025-08-17T08:03:13","slug":"qui-est-larriere-gauche-faitout-maouassa","status":"publish","type":"post","link":"https:\/\/www.europesays.com\/fr\/324479\/","title":{"rendered":"qui est l&rsquo;arri\u00e8re gauche Faitout Maouassa"},"content":{"rendered":"<p>N\u00e9 \u00e0 Villepinte, form\u00e9 \u00e0 l&rsquo;ASNL,\u00a0Faitout Maouassa avait quitt\u00e9 la For\u00eat de Haye pour le Stade Rennais en 2017 moyennant un joli ch\u00e8que de 7 millions.\u00a0A la fin de son aventure au FC Bruges, en juillet 2024, il est rest\u00e9 une ann\u00e9e sans jouer.\u00a0<\/p>\n<p>L&rsquo;ASNL, avec qui il a effectu\u00e9 toute la pr\u00e9paration estivale, lui a offert une belle occasion de relancer sa carri\u00e8re. Il s&rsquo;est engag\u00e9 pour une saison, avec une autre en option.\u00a0\u00a0<\/p>\n","protected":false},"excerpt":{"rendered":"N\u00e9 \u00e0 Villepinte, form\u00e9 \u00e0 l&rsquo;ASNL,\u00a0Faitout Maouassa avait quitt\u00e9 la For\u00eat de Haye pour le Stade Rennais en&hellip;\n","protected":false},"author":2,"featured_media":324480,"comment_status":"","ping_status":"","sticky":false,"template":"","format":"standard","meta":{"footnotes":""},"categories":[9635],"tags":[1111,11,3703,1704,1777,674,63,1011,27,5325,775,230,1702,12,25,517,1700],"class_list":{"0":"post-324479","1":"post","2":"type-post","3":"status-publish","4":"format-standard","5":"has-post-thumbnail","7":"category-nancy","8":"tag-actu","9":"tag-actualites","10":"tag-asnl","11":"tag-edition-nancy-et-agglomeration","12":"tag-eu","13":"tag-europe","14":"tag-football","15":"tag-fr","16":"tag-france","17":"tag-galerie-media","18":"tag-grand-est","19":"tag-infographie","20":"tag-nancy","21":"tag-news","22":"tag-republique-francaise","23":"tag-sport","24":"tag-sport-lorrain"},"share_on_mastodon":{"url":"https:\/\/pubeurope.com\/@fr\/115043067725604215","error":""},"_links":{"self":[{"href":"https:\/\/www.europesays.com\/fr\/wp-json\/wp\/v2\/posts\/324479","targetHints":{"allow":["GET"]}}],"collection":[{"href":"https:\/\/www.europesays.com\/fr\/wp-json\/wp\/v2\/posts"}],"about":[{"href":"https:\/\/www.europesays.com\/fr\/wp-json\/wp\/v2\/types\/post"}],"author":[{"embeddable":true,"href":"https:\/\/www.europesays.com\/fr\/wp-json\/wp\/v2\/users\/2"}],"replies":[{"embeddable":true,"href":"https:\/\/www.europesays.com\/fr\/wp-json\/wp\/v2\/comments?post=324479"}],"version-history":[{"count":0,"href":"https:\/\/www.europesays.com\/fr\/wp-json\/wp\/v2\/posts\/324479\/revisions"}],"wp:featuredmedia":[{"embeddable":true,"href":"https:\/\/www.europesays.com\/fr\/wp-json\/wp\/v2\/media\/324480"}],"wp:attachment":[{"href":"https:\/\/www.europesays.com\/fr\/wp-json\/wp\/v2\/media?parent=324479"}],"wp:term":[{"taxonomy":"category","embeddable":true,"href":"https:\/\/www.europesays.com\/fr\/wp-json\/wp\/v2\/categories?post=324479"},{"taxonomy":"post_tag","embeddable":true,"href":"https:\/\/www.europesays.com\/fr\/wp-json\/wp\/v2\/tags?post=324479"}],"curies":[{"name":"wp","href":"https:\/\/api.w.org\/{rel}","templated":true}]}}