{"id":324483,"date":"2025-08-17T08:05:13","date_gmt":"2025-08-17T08:05:13","guid":{"rendered":"https:\/\/www.europesays.com\/fr\/324483\/"},"modified":"2025-08-17T08:05:13","modified_gmt":"2025-08-17T08:05:13","slug":"une-recrue-en-provenance-de-lubb-explique-son-choix-et-avoue-avoir-reve-en-regardant-le-grand-rct","status":"publish","type":"post","link":"https:\/\/www.europesays.com\/fr\/324483\/","title":{"rendered":"une recrue en provenance de l\u2019UBB explique son choix et avoue avoir r\u00eav\u00e9 en regardant le grand RCT"},"content":{"rendered":"<p>Il va tenter de relancer sa carri\u00e8re. Consid\u00e9r\u00e9 comme un joueur prometteur \u00e0 ses d\u00e9buts, Mateo Garcia n\u2019a eu que peu l\u2019occasion de s\u2019exprimer ces derniers mois. Barr\u00e9 par la concurrence de Matthieu Jalibert et Joey Carbery, tout en \u00e9tant victime de blessures \u00e0 r\u00e9p\u00e9tition, l\u2019ouvreur n\u2019a que tr\u00e8s peu jou\u00e9 la saison pass\u00e9e avec l\u2019Union Bordeaux-B\u00e8gles.<\/p>\n<p>\u00ab\u00a0La d\u00e9cision de venir a \u00e9t\u00e9 plut\u00f4t facile\u00a0\u00bb<\/p>\n<p>Pour se relancer, le Basque a d\u00e9cid\u00e9 de changer de c\u00f4te en rejoignant le Rugby Club Toulonnais. Dans le Var, il devra monter en puissance pour avoir une belle carte \u00e0 jouer. Dans les colonnes de <a href=\"https:\/\/www.rugbyrama.fr\/2025\/08\/12\/top-14-mateo-garcia-je-suis-venu-a-toulon-pour-me-mettre-en-danger-et-me-challenger-12872980.php\" rel=\"nofollow noopener\" target=\"_blank\">Rugbyrama<\/a>, Mateo Garcia a expliqu\u00e9 avoir tr\u00e8s peu h\u00e9sit\u00e9 lorsque Toulon est venu frapper \u00e0 la porte, se rem\u00e9morant les ann\u00e9es de gloires du club dans les ann\u00e9es 2010.<\/p>\n<blockquote>\n<p>\u00ab\u00a0C\u2019\u00e9tait un souhait de prendre ma d\u00e9cision assez t\u00f4t. J\u2019avais envie d\u2019avoir l\u2019esprit libre et \u00eatre \u00e0 100\u00a0% dans ma t\u00eate sur le projet de Bordeaux-B\u00e8gles. La d\u00e9cision de venir ici a \u00e9t\u00e9 plut\u00f4t facile. Vous savez, petit, j\u2019ai vu gagner Toulon\u00a0\u00e0 la t\u00e9l\u00e9vision avec une \u00e9quipe qui faisait r\u00eaver chaque passionn\u00e9. Wilkinson, Giteau\u2026 Ce sont des joueurs qui m\u2019ont fait r\u00eaver\u00a0! Quand j\u2019ai eu cette opportunit\u00e9, j\u2019ai eu envie d\u2019aller voir comment \u00e7a se passe ici. C\u2019est un club qui a gagn\u00e9, et qui sait gagner. Puis, Toulon, c\u2019est aussi Mayol, un stade mythique dans lequel j\u2019ai d\u00e9j\u00e0 des bons souvenirs. Pour moi, c\u2019\u00e9tait le meilleur choix \u00e0 ce stade de ma carri\u00e8re.\u00a0\u00bb<\/p>\n<\/blockquote>\n<p>Partagez cette info avec vos amis et vos proches en cliquant ici<br \/>Pour r\u00e9sumer<\/p>\n<p>Une recrue en provenance de l\u2019Union Bordeaux-B\u00e8gles a expliqu\u00e9 les raisons derri\u00e8res son choix de s\u2019engager avec le Rugby Club Toulonnais. Mat\u00e9o Garcia explique vouloir se relancer dans le sud de la France et reprendre du temps de jeu.<\/p>\n<p> <img decoding=\"async\" width=\"76\" height=\"76\" loading=\"lazy\" src=\"https:\/\/www.europesays.com\/fr\/wp-content\/uploads\/2025\/04\/avatar-quinze.png\" alt=\"Arnaud D\u00e9chelotte\"\/><\/p>\n","protected":false},"excerpt":{"rendered":"Il va tenter de relancer sa carri\u00e8re. Consid\u00e9r\u00e9 comme un joueur prometteur \u00e0 ses d\u00e9buts, Mateo Garcia n\u2019a&hellip;\n","protected":false},"author":2,"featured_media":324484,"comment_status":"","ping_status":"","sticky":false,"template":"","format":"standard","meta":{"footnotes":""},"categories":[9619],"tags":[1111,11,1777,674,1011,27,12,882,25,2310],"class_list":{"0":"post-324483","1":"post","2":"type-post","3":"status-publish","4":"format-standard","5":"has-post-thumbnail","7":"category-toulon","8":"tag-actu","9":"tag-actualites","10":"tag-eu","11":"tag-europe","12":"tag-fr","13":"tag-france","14":"tag-news","15":"tag-provence-alpes-cote-dazur","16":"tag-republique-francaise","17":"tag-toulon"},"share_on_mastodon":{"url":"https:\/\/pubeurope.com\/@fr\/115043075928754074","error":""},"_links":{"self":[{"href":"https:\/\/www.europesays.com\/fr\/wp-json\/wp\/v2\/posts\/324483","targetHints":{"allow":["GET"]}}],"collection":[{"href":"https:\/\/www.europesays.com\/fr\/wp-json\/wp\/v2\/posts"}],"about":[{"href":"https:\/\/www.europesays.com\/fr\/wp-json\/wp\/v2\/types\/post"}],"author":[{"embeddable":true,"href":"https:\/\/www.europesays.com\/fr\/wp-json\/wp\/v2\/users\/2"}],"replies":[{"embeddable":true,"href":"https:\/\/www.europesays.com\/fr\/wp-json\/wp\/v2\/comments?post=324483"}],"version-history":[{"count":0,"href":"https:\/\/www.europesays.com\/fr\/wp-json\/wp\/v2\/posts\/324483\/revisions"}],"wp:featuredmedia":[{"embeddable":true,"href":"https:\/\/www.europesays.com\/fr\/wp-json\/wp\/v2\/media\/324484"}],"wp:attachment":[{"href":"https:\/\/www.europesays.com\/fr\/wp-json\/wp\/v2\/media?parent=324483"}],"wp:term":[{"taxonomy":"category","embeddable":true,"href":"https:\/\/www.europesays.com\/fr\/wp-json\/wp\/v2\/categories?post=324483"},{"taxonomy":"post_tag","embeddable":true,"href":"https:\/\/www.europesays.com\/fr\/wp-json\/wp\/v2\/tags?post=324483"}],"curies":[{"name":"wp","href":"https:\/\/api.w.org\/{rel}","templated":true}]}}