{"id":324487,"date":"2025-08-17T08:07:11","date_gmt":"2025-08-17T08:07:11","guid":{"rendered":"https:\/\/www.europesays.com\/fr\/324487\/"},"modified":"2025-08-17T08:07:11","modified_gmt":"2025-08-17T08:07:11","slug":"nouvelle-coupure-sur-la-ligne-1-du-tramway-voici-les-stations-concernees","status":"publish","type":"post","link":"https:\/\/www.europesays.com\/fr\/324487\/","title":{"rendered":"nouvelle coupure sur la ligne 1 du tramway, voici les stations concern\u00e9es"},"content":{"rendered":"<p>            Par<br \/>\n        <strong><br \/>\n            <a href=\"https:\/\/actu.fr\/auteur\/metropoop\" title=\"Consulter tous les articles de R\u00e9daction M\u00e9tropolitain\" target=\"_blank\" rel=\"noopener\">R\u00e9daction M\u00e9tropolitain<\/a><br \/>\n        <\/strong><\/p>\n<p>        Publi\u00e9 le<\/p>\n<p>            17 ao\u00fbt 2025 \u00e0 9h36        <\/p>\n<p>L\u2019Arche Mercure, b\u00e2timent reconnaissable par sa silhouette massive, vit ses derni\u00e8res heures. Sa d\u00e9molition marque un tournant dans la transformation du quartier de la Mosson. Les travaux obligent \u00e0 interrompre la circulation des tramways sur la ligne 1, entre Saint-Paul et Mosson. La coupure interviendra <strong>ce lundi 18 ao\u00fbt 2025<\/strong> d\u00e8s 22h et se prolongera jusqu\u2019\u00e0 la fin du service.<\/p>\n<p>    <a href=\"https:\/\/www.google.com\/maps\/embed?pb=!1m18!1m12!1m3!1d23114.090373704526!2d3.8338559999999995!3d43.6011008!2m3!1f0!2f0!3f0!3m2!1i1024!2i768!4f13.1!3m3!1m2!1s0x12b6ac2c09dbee55%3A0xc49d347d5016d40c!2sMosson!5e0!3m2!1sfr!2sfr!4v1755415885762!5m2!1sfr!2sfr\" title=\"Ouvrie le lien\" target=\"_blank\" rel=\"noopener\">Cliquez ici pour visualiser le contenu<\/a><\/p>\n<p class=\" wall-content\">Montpellier M\u00e9diterran\u00e9e M\u00e9tropole et TaM expliquent avoir choisi cette p\u00e9riode estivale. La fr\u00e9quentation plus faible permet de limiter les d\u00e9sagr\u00e9ments pour les voyageurs. L\u2019op\u00e9ration s\u2019inscrit dans une s\u00e9rie de chantiers qui touchent diff\u00e9rents secteurs du r\u00e9seau depuis plusieurs semaines. Apr\u00e8s Antigone et Saint-Paul, c\u2019est donc au tour de la Mosson.<\/p>\n<p>Des bus pour remplacer les rames<\/p>\n<p class=\" wall-content\">Pour \u00e9viter une rupture de mobilit\u00e9, des bus de substitution circuleront entre les stations concern\u00e9es. Ils desserviront Saint-Paul, Halles de la Paillade, Stade de la Mosson et Mosson. La fr\u00e9quence sera de 15 minutes. L\u2019amplitude suivra celle du tramway afin d\u2019assurer la correspondance avec les derni\u00e8res rames en service.<\/p>\n<p>    <a href=\"https:\/\/www.facebook.com\/plugins\/post.php?href=https%3A%2F%2Fwww.facebook.com%2Ftamvoyages%2Fposts%2Fpfbid02XSZPanSDnQGVAVRUNiqpz9vUQz8zKdDQoHnfq9WpHnFehD6cRBW3fHqXAF8NXrkJl&amp;show_text=true&amp;width=350\" title=\"Ouvrie le lien\" target=\"_blank\" rel=\"noopener\">Cliquez ici pour visualiser le contenu<\/a><\/p>\n<p>Vid\u00e9os : en ce moment sur Actu<\/p>\n<p class=\" wall-content\">.<\/p>\n<p class=\" wall-content\">Suivez toute l\u2019actualit\u00e9 de vos villes et m\u00e9dias favoris en vous inscrivant \u00e0 <a href=\"https:\/\/moncompte.actu.fr\" title=\"D\u00e9couvez Mon Actu\" rel=\"nofollow noopener\" data-trk=\"{&quot;cta&quot;:{&quot;action&quot;:&quot;https:\\\/\\\/moncompte.actu.fr&quot;,&quot;category&quot;:&quot;mon compte&quot;,&quot;from&quot;:&quot;article footer&quot;,&quot;name&quot;:&quot;Mon actu&quot;,&quot;type&quot;:&quot;cta&quot;}}\" target=\"_blank\">Mon Actu<\/a>.<\/p>\n","protected":false},"excerpt":{"rendered":"Par R\u00e9daction M\u00e9tropolitain Publi\u00e9 le 17 ao\u00fbt 2025 \u00e0 9h36 L\u2019Arche Mercure, b\u00e2timent reconnaissable par sa silhouette massive,&hellip;\n","protected":false},"author":2,"featured_media":324488,"comment_status":"","ping_status":"","sticky":false,"template":"","format":"standard","meta":{"footnotes":""},"categories":[9599],"tags":[1111,11,3542,1777,674,1011,27,2208,12,2680,25,104,2803,2086],"class_list":{"0":"post-324487","1":"post","2":"type-post","3":"status-publish","4":"format-standard","5":"has-post-thumbnail","7":"category-montpellier","8":"tag-actu","9":"tag-actualites","10":"tag-circulation","11":"tag-eu","12":"tag-europe","13":"tag-fr","14":"tag-france","15":"tag-montpellier","16":"tag-news","17":"tag-occitanie","18":"tag-republique-francaise","19":"tag-societe","20":"tag-transport","21":"tag-travaux"},"share_on_mastodon":{"url":"https:\/\/pubeurope.com\/@fr\/115043083372711081","error":""},"_links":{"self":[{"href":"https:\/\/www.europesays.com\/fr\/wp-json\/wp\/v2\/posts\/324487","targetHints":{"allow":["GET"]}}],"collection":[{"href":"https:\/\/www.europesays.com\/fr\/wp-json\/wp\/v2\/posts"}],"about":[{"href":"https:\/\/www.europesays.com\/fr\/wp-json\/wp\/v2\/types\/post"}],"author":[{"embeddable":true,"href":"https:\/\/www.europesays.com\/fr\/wp-json\/wp\/v2\/users\/2"}],"replies":[{"embeddable":true,"href":"https:\/\/www.europesays.com\/fr\/wp-json\/wp\/v2\/comments?post=324487"}],"version-history":[{"count":0,"href":"https:\/\/www.europesays.com\/fr\/wp-json\/wp\/v2\/posts\/324487\/revisions"}],"wp:featuredmedia":[{"embeddable":true,"href":"https:\/\/www.europesays.com\/fr\/wp-json\/wp\/v2\/media\/324488"}],"wp:attachment":[{"href":"https:\/\/www.europesays.com\/fr\/wp-json\/wp\/v2\/media?parent=324487"}],"wp:term":[{"taxonomy":"category","embeddable":true,"href":"https:\/\/www.europesays.com\/fr\/wp-json\/wp\/v2\/categories?post=324487"},{"taxonomy":"post_tag","embeddable":true,"href":"https:\/\/www.europesays.com\/fr\/wp-json\/wp\/v2\/tags?post=324487"}],"curies":[{"name":"wp","href":"https:\/\/api.w.org\/{rel}","templated":true}]}}