{"id":324491,"date":"2025-08-17T08:12:11","date_gmt":"2025-08-17T08:12:11","guid":{"rendered":"https:\/\/www.europesays.com\/fr\/324491\/"},"modified":"2025-08-17T08:12:11","modified_gmt":"2025-08-17T08:12:11","slug":"un-jeune-homme-se-noie-dans-sa-piscine","status":"publish","type":"post","link":"https:\/\/www.europesays.com\/fr\/324491\/","title":{"rendered":"un jeune homme se noie dans sa piscine"},"content":{"rendered":"<p>\t\t\t\t\t\t\t\t\t\t\t<img loading=\"lazy\" decoding=\"async\" width=\"1110\" title=\"Pr\u00e8s de Grenoble : un jeune homme se noie dans sa piscine\" class=\"img-fluid  mb-3\" src=\"https:\/\/grandgrenoble.alpes1.com\/media\/news\/thumb\/1110x624_pres-de-grenoble-un-jeune-homme-se-noie-dans-sa-piscine_68a1833dba60e.webp\" alt=\"Pr\u00e8s de Grenoble : un jeune homme se noie dans sa piscine\" itemprop=\"image\" height=\"624\"\/>\t\t\t\t\t\t\t\t\t\t\t\t<\/p>\n<p>Pr\u00e8s de Grenoble : un jeune homme se noie dans sa piscine &#8211; DR<\/p>\n<p itemprop=\"description\"><strong>Accident dramatique ce samedi en fin d&rsquo;apr\u00e8s-midi.<\/strong><\/p>\n<p>Les pompiers sont intervenus \u00e0 Voiron o\u00f9 un jeune homme avait \u00e9t\u00e9 retrouv\u00e9 gisant dans sa piscine priv\u00e9e. Malgr\u00e9 les tentatives de r\u00e9animation, les secours n&rsquo;ont pu que constater le d\u00e9c\u00e8s de la victime \u00e2g\u00e9e de 23 ans.<\/p>\n<p>Une enqu\u00eate a \u00e9t\u00e9 ouverte pour confirmer la piste accidentelle.<\/p>\n","protected":false},"excerpt":{"rendered":"Pr\u00e8s de Grenoble : un jeune homme se noie dans sa piscine &#8211; DR Accident dramatique ce samedi&hellip;\n","protected":false},"author":2,"featured_media":324492,"comment_status":"","ping_status":"","sticky":false,"template":"","format":"standard","meta":{"footnotes":""},"categories":[9566],"tags":[1111,11,7733,8279,2430,7736,650,7734,2889,2263,1777,674,1011,27,2731,8280,6417,1114,108,4662,12,3725,1825,25,7737],"class_list":{"0":"post-324491","1":"post","2":"type-post","3":"status-publish","4":"format-standard","5":"has-post-thumbnail","7":"category-grenoble","8":"tag-actu","9":"tag-actualites","10":"tag-alpes","11":"tag-alpes1","12":"tag-auvergne-rhone-alpes","13":"tag-cds","14":"tag-cinema","15":"tag-ecoute","16":"tag-emission","17":"tag-equipe","18":"tag-eu","19":"tag-europe","20":"tag-fr","21":"tag-france","22":"tag-grenoble","23":"tag-haute","24":"tag-information","25":"tag-infos","26":"tag-isere","27":"tag-journal","28":"tag-news","29":"tag-podcast","30":"tag-radio","31":"tag-republique-francaise","32":"tag-winamp"},"share_on_mastodon":{"url":"https:\/\/pubeurope.com\/@fr\/115043103437942851","error":""},"_links":{"self":[{"href":"https:\/\/www.europesays.com\/fr\/wp-json\/wp\/v2\/posts\/324491","targetHints":{"allow":["GET"]}}],"collection":[{"href":"https:\/\/www.europesays.com\/fr\/wp-json\/wp\/v2\/posts"}],"about":[{"href":"https:\/\/www.europesays.com\/fr\/wp-json\/wp\/v2\/types\/post"}],"author":[{"embeddable":true,"href":"https:\/\/www.europesays.com\/fr\/wp-json\/wp\/v2\/users\/2"}],"replies":[{"embeddable":true,"href":"https:\/\/www.europesays.com\/fr\/wp-json\/wp\/v2\/comments?post=324491"}],"version-history":[{"count":0,"href":"https:\/\/www.europesays.com\/fr\/wp-json\/wp\/v2\/posts\/324491\/revisions"}],"wp:featuredmedia":[{"embeddable":true,"href":"https:\/\/www.europesays.com\/fr\/wp-json\/wp\/v2\/media\/324492"}],"wp:attachment":[{"href":"https:\/\/www.europesays.com\/fr\/wp-json\/wp\/v2\/media?parent=324491"}],"wp:term":[{"taxonomy":"category","embeddable":true,"href":"https:\/\/www.europesays.com\/fr\/wp-json\/wp\/v2\/categories?post=324491"},{"taxonomy":"post_tag","embeddable":true,"href":"https:\/\/www.europesays.com\/fr\/wp-json\/wp\/v2\/tags?post=324491"}],"curies":[{"name":"wp","href":"https:\/\/api.w.org\/{rel}","templated":true}]}}