{"id":324497,"date":"2025-08-17T08:16:11","date_gmt":"2025-08-17T08:16:11","guid":{"rendered":"https:\/\/www.europesays.com\/fr\/324497\/"},"modified":"2025-08-17T08:16:11","modified_gmt":"2025-08-17T08:16:11","slug":"histoire-un-colloque-sur-lart-dans-les-camps-de-concentration","status":"publish","type":"post","link":"https:\/\/www.europesays.com\/fr\/324497\/","title":{"rendered":"Histoire. Un colloque sur l\u2019art dans les camps de concentration"},"content":{"rendered":"<p>Ces trois jours d\u2019\u00e9changes, rencontres et visites d\u00e9marreront le vendredi 26\u00a0septembre au Cercle mixte militaire de Strasbourg (place Broglie, 16\u00a0h\u00a030-20\u00a0h\u00a030) en pr\u00e9sence notamment de Micka\u00ebl Landolt, directeur du M\u00e9morial du Struthof, de l\u2019historien Thomas Fontaine et avec en soir\u00e9e un concert du Forum des voix \u00e9touff\u00e9es qui met en avant des compositeurs oppress\u00e9s par les r\u00e9gimes totalitaires.<\/p>\n<p>Le samedi\u00a027 (8\u00a0h\u00a045-17\u00a0h\u00a045), on \u00e9voquera, toujours au Cercle mixte militaire, l\u2019art graphique au KL Natzweiler avec l\u2019exemple de l\u2019artiste-d\u00e9port\u00e9 Henri Gayot et de l\u2019illustrateur norv\u00e9gien Rudolf Naess ou dans les camps annexes (ex\u00a0: Miecsyzlaw Wisniewski \u00e0 Sandhofen et Kochendorf et Jacques Barrau \u00e0 Neckarelz).<\/p>\n<p>Sans oublier les autres formes d\u2019expressions artistiques comme la musique au Struthof qu\u2019abordera \u00c9lise Petit, ma\u00eetre de conf\u00e9rences en musicologie. On s\u2019interrogera aussi ce m\u00eame jour sur les questions de conservation et de transmission en s\u2019inspirant du mus\u00e9e de la D\u00e9portation et de la R\u00e9sistance de Besan\u00e7on repr\u00e9sent\u00e9 par son directeur Vincent Briand. Enfin, dimanche\u00a028 (9\u00a0h-15\u00a0h), direction Natzwiller pour une visite guid\u00e9e du Struthof avec le peintre Roger Dale et la d\u00e9couverte d\u2019une exposition d\u2019\u0153uvres d\u2019art r\u00e9alis\u00e9es dans le camp.<\/p>\n<p class=\"note\">Entr\u00e9es libres sur inscription avant le 10\u00a0septembre. Tous les \u00e9changes se feront en fran\u00e7ais ou en allemand avec des possibilit\u00e9s de traduction simultan\u00e9e. Plus d\u2019informations sur struthof.fr<\/p>\n","protected":false},"excerpt":{"rendered":"Ces trois jours d\u2019\u00e9changes, rencontres et visites d\u00e9marreront le vendredi 26\u00a0septembre au Cercle mixte militaire de Strasbourg (place&hellip;\n","protected":false},"author":2,"featured_media":324498,"comment_status":"","ping_status":"","sticky":false,"template":"","format":"standard","meta":{"footnotes":""},"categories":[2820],"tags":[1111,11,2389,1687,2880,1777,674,1011,27,775,12,25,640,2879],"class_list":{"0":"post-324497","1":"post","2":"type-post","3":"status-publish","4":"format-standard","5":"has-post-thumbnail","7":"category-strasbourg","8":"tag-actu","9":"tag-actualites","10":"tag-alsace","11":"tag-culture-loisirs","12":"tag-edition-strasbourg","13":"tag-eu","14":"tag-europe","15":"tag-fr","16":"tag-france","17":"tag-grand-est","18":"tag-news","19":"tag-republique-francaise","20":"tag-strasbourg","21":"tag-strasbourg-ville"},"share_on_mastodon":{"url":"https:\/\/pubeurope.com\/@fr\/115043118885165973","error":""},"_links":{"self":[{"href":"https:\/\/www.europesays.com\/fr\/wp-json\/wp\/v2\/posts\/324497","targetHints":{"allow":["GET"]}}],"collection":[{"href":"https:\/\/www.europesays.com\/fr\/wp-json\/wp\/v2\/posts"}],"about":[{"href":"https:\/\/www.europesays.com\/fr\/wp-json\/wp\/v2\/types\/post"}],"author":[{"embeddable":true,"href":"https:\/\/www.europesays.com\/fr\/wp-json\/wp\/v2\/users\/2"}],"replies":[{"embeddable":true,"href":"https:\/\/www.europesays.com\/fr\/wp-json\/wp\/v2\/comments?post=324497"}],"version-history":[{"count":0,"href":"https:\/\/www.europesays.com\/fr\/wp-json\/wp\/v2\/posts\/324497\/revisions"}],"wp:featuredmedia":[{"embeddable":true,"href":"https:\/\/www.europesays.com\/fr\/wp-json\/wp\/v2\/media\/324498"}],"wp:attachment":[{"href":"https:\/\/www.europesays.com\/fr\/wp-json\/wp\/v2\/media?parent=324497"}],"wp:term":[{"taxonomy":"category","embeddable":true,"href":"https:\/\/www.europesays.com\/fr\/wp-json\/wp\/v2\/categories?post=324497"},{"taxonomy":"post_tag","embeddable":true,"href":"https:\/\/www.europesays.com\/fr\/wp-json\/wp\/v2\/tags?post=324497"}],"curies":[{"name":"wp","href":"https:\/\/api.w.org\/{rel}","templated":true}]}}