{"id":324501,"date":"2025-08-17T08:18:17","date_gmt":"2025-08-17T08:18:17","guid":{"rendered":"https:\/\/www.europesays.com\/fr\/324501\/"},"modified":"2025-08-17T08:18:17","modified_gmt":"2025-08-17T08:18:17","slug":"orages-avec-grele-risque-dinondation-jusqua-39c-ressentis-ce-qui-nous-attend-ces-prochaines-heures-dans-les-alpes-maritimes-et-le-var","status":"publish","type":"post","link":"https:\/\/www.europesays.com\/fr\/324501\/","title":{"rendered":"Orages avec gr\u00eale, risque d&rsquo;inondation, jusqu&rsquo;\u00e0 39\u00b0C ressentis&#8230; ce qui nous attend ces prochaines heures dans les Alpes-Maritimes et le Var"},"content":{"rendered":"<p><a href=\"https:\/\/www.nicematin.com\/meteo\/alerte-canicule-orages-on-fait-le-point-sur-la-meteo-qui-vous-attend-ce-jeudi-dans-les-alpes-maritimes-998005\" target=\"_blank\" rel=\"noopener\">Les Alpes-Maritimes<\/a> et le Var font face depuis deux jours \u00e0 des orages. De nombreux lieux publics sont actuellement <a href=\"https:\/\/www.nicematin.com\/meteo\/le-departement-des-alpes-maritimes-place-en-vigilance-vent-violent-de-nombreux-lieux-publics-fermes-a-nice-998060\" target=\"_blank\" rel=\"noopener\">ferm\u00e9s \u00e0 Nice<\/a>.\u00a0<\/p>\n<p>Dans son dernier bulletin, M\u00e9t\u00e9o-France place les Alpes-Maritimes et le Var <strong>en vigilance jaune pluie-inondation et orages jusqu&rsquo;\u00e0 21 heures<\/strong>.\u00a0<\/p>\n<p>Cette situation vient s&rsquo;ajouter \u00e0 la vigilance orange \u00e0 la canicule qui continuer de toucher les deux territoires.\u00a0<\/p>\n<p><strong>De la gr\u00eale est tomb\u00e9e cet apr\u00e8s-midi<\/strong> dans le secteur de La Brigue dans les Alpes-Maritimes, comme le partage le compte M\u00e9t\u00e9o Express.\u00a0<\/p>\n<blockquote class=\"twitter-tweet\">\n<p lang=\"fr\" dir=\"ltr\">\u26c8\ufe0f De nouveaux orages \u00e9clatent dans le sud des Alpes ce jeudi. Ils s&rsquo;accompagnent parfois de gr\u00eale, ici \u00e0 La Brigue dans les Alpes-Maritimes. (\u00a9 mairie) <a href=\"https:\/\/t.co\/QB8CeDP8dg\">pic.twitter.com\/QB8CeDP8dg<\/a><\/p>\n<p>\u2014 M\u00e9t\u00e9o Express (@MeteoExpress) <a href=\"https:\/\/twitter.com\/MeteoExpress\/status\/1955970552616583545?ref_src=twsrc%5Etfw\" target=\"_blank\" rel=\"noopener\">August 14, 2025<\/a><\/p><\/blockquote>\n<p>                                Jusqu&rsquo;\u00e0 39\u00b0C ressentis dans le Var<\/p>\n<p>La gr\u00eale est \u00e9galement annonc\u00e9e dans d&rsquo;autres secteurs maralpins: Guillaumes, Saint-Sauveur-sur-Tin\u00e9e, Puget-Th\u00e9niers, et Saint-Auban. C\u00f4t\u00e9 varois, elle devrait s&rsquo;inviter \u00e0 Rians et Trigance.\u00a0Ailleurs, on attend<strong> des orages et des averses orageuses<\/strong>.\u00a0<\/p>\n<p>Les temp\u00e9ratures sont comprises entre 22 et 33\u00b0C du nord au sud dans les Alpes-Maritimes et grimpent dans les terres jusqu&rsquo;\u00e0 33\u00b0C dans le Var.\u00a0<strong>Les temp\u00e9ratures ressenties atteignent les 36\u00b0C\u00a0<\/strong>sur la C\u00f4te d&rsquo;Azur et <strong>39\u00b0C dans le Var<\/strong>.\u00a0\u00a0<\/p>\n<p>Sur le littoral azur\u00e9en, <strong>des rafales pouvant atteindre 94 km\/h<\/strong> sont attendues et la mer sera agit\u00e9e.<\/p>\n<p><strong>Dans le Var<\/strong>, la pr\u00e9fecture annonce que les temp\u00e9ratures attendues au cours de la nuit de jeudi \u00e0 vendredi seront de 18 \u00e0 22\u00b0C dans l\u2019int\u00e9rieur des terres, et de\u00a024 \u00e0 25\u00b0C sur le littoral. Ce vendredi 15 ao\u00fbt 2025, les temp\u00e9ratures maximales sont stables avec 34 \u00e0 38\u00b0C dans l&rsquo;int\u00e9rieur des terres, 33 \u00e0 36\u00b0C le long du littoral.<\/p>\n<p>                                                                                                                                        <script async src=\"https:\/\/platform.twitter.com\/widgets.js\" charset=\"utf-8\"><\/script><\/p>\n","protected":false},"excerpt":{"rendered":"Les Alpes-Maritimes et le Var font face depuis deux jours \u00e0 des orages. De nombreux lieux publics sont&hellip;\n","protected":false},"author":2,"featured_media":278836,"comment_status":"","ping_status":"","sticky":false,"template":"","format":"standard","meta":{"footnotes":""},"categories":[2819],"tags":[1111,11,1129,436,1777,674,1011,27,2487,12,2401,882,25],"class_list":{"0":"post-324501","1":"post","2":"type-post","3":"status-publish","4":"format-standard","5":"has-post-thumbnail","7":"category-nice","8":"tag-actu","9":"tag-actualites","10":"tag-climat","11":"tag-environnement","12":"tag-eu","13":"tag-europe","14":"tag-fr","15":"tag-france","16":"tag-meteo","17":"tag-news","18":"tag-nice","19":"tag-provence-alpes-cote-dazur","20":"tag-republique-francaise"},"share_on_mastodon":{"url":"https:\/\/pubeurope.com\/@fr\/115043126692975940","error":""},"_links":{"self":[{"href":"https:\/\/www.europesays.com\/fr\/wp-json\/wp\/v2\/posts\/324501","targetHints":{"allow":["GET"]}}],"collection":[{"href":"https:\/\/www.europesays.com\/fr\/wp-json\/wp\/v2\/posts"}],"about":[{"href":"https:\/\/www.europesays.com\/fr\/wp-json\/wp\/v2\/types\/post"}],"author":[{"embeddable":true,"href":"https:\/\/www.europesays.com\/fr\/wp-json\/wp\/v2\/users\/2"}],"replies":[{"embeddable":true,"href":"https:\/\/www.europesays.com\/fr\/wp-json\/wp\/v2\/comments?post=324501"}],"version-history":[{"count":0,"href":"https:\/\/www.europesays.com\/fr\/wp-json\/wp\/v2\/posts\/324501\/revisions"}],"wp:featuredmedia":[{"embeddable":true,"href":"https:\/\/www.europesays.com\/fr\/wp-json\/wp\/v2\/media\/278836"}],"wp:attachment":[{"href":"https:\/\/www.europesays.com\/fr\/wp-json\/wp\/v2\/media?parent=324501"}],"wp:term":[{"taxonomy":"category","embeddable":true,"href":"https:\/\/www.europesays.com\/fr\/wp-json\/wp\/v2\/categories?post=324501"},{"taxonomy":"post_tag","embeddable":true,"href":"https:\/\/www.europesays.com\/fr\/wp-json\/wp\/v2\/tags?post=324501"}],"curies":[{"name":"wp","href":"https:\/\/api.w.org\/{rel}","templated":true}]}}