{"id":324502,"date":"2025-08-17T08:19:10","date_gmt":"2025-08-17T08:19:10","guid":{"rendered":"https:\/\/www.europesays.com\/fr\/324502\/"},"modified":"2025-08-17T08:19:10","modified_gmt":"2025-08-17T08:19:10","slug":"nice-nest-pas-au-mieux-reconnait-lentraineur-franck-haise","status":"publish","type":"post","link":"https:\/\/www.europesays.com\/fr\/324502\/","title":{"rendered":"Nice n&rsquo;est \u00abpas au mieux\u00bb, reconna\u00eet l&rsquo;entra\u00eeneur Franck Haise"},"content":{"rendered":"<p>L\u2019entra\u00eeneur des Aiglons est revenu sur la d\u00e9faite de son \u00e9quipe samedi face \u00e0 Toulouse (0-1).<\/p>\n<p class=\"fig-paragraph\">\u00abOn n&rsquo;est pas au mieux, c&rsquo;est une \u00e9vidence\u00bb\u00a0: l&rsquo;entra\u00eeneur de Nice Franck Haise a mani\u00e9 l&rsquo;euph\u00e9misme apr\u00e8s\u00a0<a href=\"http:\/\/www.lefigaro.fr\/sports\/football\/nice-toulouse-sidibe-et-gboho-sur-un-nuage-clauss-la-tete-sous-l-eau-les-tops-et-les-flops-de-la-deroute-nicoise-20250817\" data-fig-type=\"NewsFlash\" data-gtm-custom-categorie=\"navigation\" data-gtm-custom-action=\"crossclick\" data-gtm-custom-label=\"Contextuel\" data-gtm-event=\"customEventSPE\" data-fig-domain=\"LEFIGARO\" target=\"_blank\" rel=\"noopener\">sa d\u00e9faite \u00e0 domicile contre Toulouse (0-1)<\/a>, samedi en ouverture de la saison. \u00abIl nous a manqu\u00e9 beaucoup de choses, surtout en premi\u00e8re mi-temps, largement insuffisante techniquement et dans l&rsquo;investissement g\u00e9n\u00e9ral\u00bb, a pr\u00e9cis\u00e9 Haise, qui a lev\u00e9 la voix \u00e0 la pause.<\/p>\n<p class=\"fig-paragraph\">\u00abJe me suis interrog\u00e9 pour savoir si je ne changeais pas trois ou quatre joueurs \u00e0 la mi-temps, a-t-il m\u00eame confi\u00e9. Cela a \u00e9t\u00e9 mieux en deuxi\u00e8me mi-temps. Mais est-ce que \u00e7a pouvait \u00eatre pire\u00a0? Ceux qui sont sur le terrain doivent faire mieux.\u00bb A commencer par le gardien Yehvann Diouf, \u00abassez lucide pour reconna\u00eetre qu&rsquo;on ne doit pas prendre le but\u00bb, a dit Haise. \u00abOn doit terminer par un 0-0, m\u00eame si ce n&rsquo;est pas glorieux.\u00bb<\/p>\n<p>                                    <a class=\"fig-a11y-skip a11y-hidden\" href=\"#fig-a11y-skip-main-inarticle\"><br \/>\n        Passer la publicit\u00e9<br \/>\n    <\/a><\/p>\n<p class=\"fig-paragraph\">\u00abJe prends le but pour moi, a assur\u00e9 Diouf. Je suis capable de largement mieux et prendre ce but-l\u00e0 sur la seule occasion, en deuxi\u00e8me mi-temps, c&rsquo;est frustrant. Il a manqu\u00e9 de l&rsquo;efficacit\u00e9 dans les deux surfaces parce qu&rsquo;on a les occasions pour marquer, mais on se doit aussi d&rsquo;\u00eatre plus solide pour ne pas encaisser\u00bb, a estim\u00e9 le gardien. D\u00e9sormais, Haise esp\u00e8re que Nice \u00abpourra avancer dans les prochains jours\u00bb pour recruter un attaquant. \u00abMais ce qui me d\u00e9range le plus ce n&rsquo;est pas les bless\u00e9s, ou le mercato, c&rsquo;est notre premi\u00e8re mi-temps, a-t-il pest\u00e9. \u00c0 un moment il faut du caract\u00e8re dans le foot de haut niveau.\u00bb<\/p>\n<p class=\"fig-paragraph\">Heureux de \u00abl&rsquo;implication\u00bb de ses joueurs, son homologue toulousain Carles Martinez Novell a, lui, \u00abaim\u00e9 l&rsquo;\u00e9tat d&rsquo;esprit collectif\u00bb. \u00abLa premi\u00e8re mi-temps a \u00e9t\u00e9 compliqu\u00e9e, la deuxi\u00e8me mi-temps aussi, mais on s&rsquo;est accroch\u00e9. Apr\u00e8s avoir pris beaucoup de buts en pr\u00e9saison, il fallait retrouver cette capacit\u00e9 \u00e0 travailler ensemble en d\u00e9fense, on l&rsquo;a fait\u00bb, a-t-il appr\u00e9ci\u00e9, avant de valoriser son attaquant Yann Gboho, \u00ableader d&rsquo;attaque qui a aussi beaucoup travaill\u00e9 d\u00e9fensivement\u00bb.<\/p>\n","protected":false},"excerpt":{"rendered":"L\u2019entra\u00eeneur des Aiglons est revenu sur la d\u00e9faite de son \u00e9quipe samedi face \u00e0 Toulouse (0-1). \u00abOn n&rsquo;est&hellip;\n","protected":false},"author":2,"featured_media":324503,"comment_status":"","ping_status":"","sticky":false,"template":"","format":"standard","meta":{"footnotes":""},"categories":[2819],"tags":[1111,11,525,1981,814,1777,674,2257,63,1011,27,3309,66,1307,955,12,2401,1176,978,882,93,25,1980],"class_list":{"0":"post-324502","1":"post","2":"type-post","3":"status-publish","4":"format-standard","5":"has-post-thumbnail","7":"category-nice","8":"tag-actu","9":"tag-actualites","10":"tag-calendrier","11":"tag-classement","12":"tag-direct","13":"tag-eu","14":"tag-europe","15":"tag-foot","16":"tag-football","17":"tag-fr","18":"tag-france","19":"tag-l1","20":"tag-ligue-1","21":"tag-lille","22":"tag-match","23":"tag-news","24":"tag-nice","25":"tag-olympique-de-marseille","26":"tag-olympique-lyonnais","27":"tag-provence-alpes-cote-dazur","28":"tag-psg","29":"tag-republique-francaise","30":"tag-resultats"},"share_on_mastodon":{"url":"https:\/\/pubeurope.com\/@fr\/115043130568430754","error":""},"_links":{"self":[{"href":"https:\/\/www.europesays.com\/fr\/wp-json\/wp\/v2\/posts\/324502","targetHints":{"allow":["GET"]}}],"collection":[{"href":"https:\/\/www.europesays.com\/fr\/wp-json\/wp\/v2\/posts"}],"about":[{"href":"https:\/\/www.europesays.com\/fr\/wp-json\/wp\/v2\/types\/post"}],"author":[{"embeddable":true,"href":"https:\/\/www.europesays.com\/fr\/wp-json\/wp\/v2\/users\/2"}],"replies":[{"embeddable":true,"href":"https:\/\/www.europesays.com\/fr\/wp-json\/wp\/v2\/comments?post=324502"}],"version-history":[{"count":0,"href":"https:\/\/www.europesays.com\/fr\/wp-json\/wp\/v2\/posts\/324502\/revisions"}],"wp:featuredmedia":[{"embeddable":true,"href":"https:\/\/www.europesays.com\/fr\/wp-json\/wp\/v2\/media\/324503"}],"wp:attachment":[{"href":"https:\/\/www.europesays.com\/fr\/wp-json\/wp\/v2\/media?parent=324502"}],"wp:term":[{"taxonomy":"category","embeddable":true,"href":"https:\/\/www.europesays.com\/fr\/wp-json\/wp\/v2\/categories?post=324502"},{"taxonomy":"post_tag","embeddable":true,"href":"https:\/\/www.europesays.com\/fr\/wp-json\/wp\/v2\/tags?post=324502"}],"curies":[{"name":"wp","href":"https:\/\/api.w.org\/{rel}","templated":true}]}}