{"id":324512,"date":"2025-08-17T08:27:15","date_gmt":"2025-08-17T08:27:15","guid":{"rendered":"https:\/\/www.europesays.com\/fr\/324512\/"},"modified":"2025-08-17T08:27:15","modified_gmt":"2025-08-17T08:27:15","slug":"olivier-giroud-le-choix-fort-de-bruno-genesio","status":"publish","type":"post","link":"https:\/\/www.europesays.com\/fr\/324512\/","title":{"rendered":"Olivier Giroud, le choix fort de Bruno Genesio"},"content":{"rendered":"<p><strong>Bruno Genesio aurait tranch\u00e9<br \/>\nconcernant la titularisation ou non d\u2019Olivier Giroud pour le<br \/>\npremier match de la saison du Losc face \u00e0 Brest, ce dimanche<br \/>\napr\u00e8s-midi.<\/strong><\/p>\n<p>Treize ans apr\u00e8s son d\u00e9part de Montpellier pour Arsenal, Olivier<br \/>\nGiroud s\u2019appr\u00eate \u00e0 faire son grand retour dans le championnat de<br \/>\nFrance sous les couleurs du Losc. Ce sera \u00e0 l\u2019occasion du<br \/>\nd\u00e9placement des Dogues \u00e0 Brest, ce dimanche (15 heures), dans le<br \/>\ncadre de la 1\u00e8re journ\u00e9e de Ligue 1.<\/p>\n<p>Reste maintenant \u00e0 savoir si le meilleur buteur de l\u2019histoire<br \/>\ndes Bleus sera titularis\u00e9 par Bruno Genesio pour ce d\u00e9placement en<br \/>\nBretagne. A en croire les informations de L\u2019Equipe,<br \/>\nl\u2019attaquant de 38 ans devrait d\u00e9buter la partie \u00e0 la pointe de<br \/>\nl\u2019attaque nordiste.<\/p>\n<blockquote class=\"twitter-tweet\"><p><a class=\"twitter-link\" rel=\"noindex, nofollow noopener\" href=\"https:\/\/twitter.com\/sports_fr\/status\/1956366633468830029\" target=\"_blank\"><\/p><\/blockquote>\n<p>Toujours selon la m\u00eame source, Olivier Giroud devrait \u00eatre<br \/>\nentour\u00e9 de Fernandez-Pardo, Haraldsson et Correia au sein d\u2019un<br \/>\n4-2-3-1. Mukau et Andr\u00e9 sont quant \u00e0 eux attendus dans l\u2019entrejeu,<br \/>\ntandis que la d\u00e9fense devrait petre compos\u00e9e de Tour\u00e9, Ngoy,<br \/>\nAlexsandro et Perraud. Fra\u00eechement arriv\u00e9 pour remplacer Chevalier,<br \/>\nle portier turc \u00d6zer devrait faire ses grands d\u00e9buts dans la cage<br \/>\nlilloise.<\/p>\n<p>D\u00e9j\u00e0 3 buts pour Giroud en pr\u00e9paration<\/p>\n<p>D\u00e9barqu\u00e9 \u00e0 Lille cet \u00e9t\u00e9 apr\u00e8s une pige pas vraiment r\u00e9ussie en<br \/>\nMLS, Olivier Giroud a d\u00e9j\u00e0 fait parler de lui lors de la<br \/>\npr\u00e9paration. Durant cette p\u00e9riode, le Savoyard a inscrit trois<br \/>\nbuts, dont <strong><a href=\"https:\/\/www.sports.fr\/football\/ligue-1\/lincroyable-golazo-de-giroud-avec-le-losc-en-video-941691.html\" rel=\"nofollow noopener\" target=\"_blank\"><br \/>\nune sublime reprise de vol\u00e9e face \u00e0 West Ham<\/a><\/strong>. De tr\u00e8s<br \/>\nbon augure pour la suite\u00a0!<\/p>\n<p>\u00ab Je sais que je suis attendu mais je fais \u00e7a aussi pour me<br \/>\nchallenger, j\u2019aime \u00e7a, j\u2019en ai besoin, a confi\u00e9 l\u2019ancien<br \/>\nMilanais dans un entretien accord\u00e9 \u00e0 Ligue 1+. A mon \u00e2ge, la<br \/>\nquestion est de savoir si je peux encore performer au tr\u00e8s haut<br \/>\nniveau. C\u2019est pour \u00e7a que j\u2019ai souhait\u00e9 me lancer ce d\u00e9fi m\u00eame si<br \/>\nj\u2019ai eu la carri\u00e8re que j\u2019ai eue, et j\u2019en suis fier. Mais<br \/>\nmaintenant je voulais me lancer cet ultime d\u00e9fi \u00e0 bient\u00f4t 39 ans.<br \/>\n\u00bb\u00a0<b id=\"momo\"\/><\/p>\n<p><strong>La composition probable du Losc face \u00e0 Brest:<\/strong><br \/>\n\u00d6zer \u2013 Tour\u00e9, Ngoy, Alexsandro, Perraud \u2013 Mukau, Andr\u00e9 \u2013<br \/>\nFernandez-Pardo, Haraldsson, Correia \u2013 Giroud.<\/p>\n<p><script async src=\"https:\/\/platform.twitter.com\/widgets.js\" charset=\"utf-8\"><\/script><\/p>\n","protected":false},"excerpt":{"rendered":"Bruno Genesio aurait tranch\u00e9 concernant la titularisation ou non d\u2019Olivier Giroud pour le premier match de la saison&hellip;\n","protected":false},"author":2,"featured_media":324513,"comment_status":"","ping_status":"","sticky":false,"template":"","format":"standard","meta":{"footnotes":""},"categories":[2815],"tags":[1111,11,1777,674,1011,27,811,1307,12,25],"class_list":{"0":"post-324512","1":"post","2":"type-post","3":"status-publish","4":"format-standard","5":"has-post-thumbnail","7":"category-lille","8":"tag-actu","9":"tag-actualites","10":"tag-eu","11":"tag-europe","12":"tag-fr","13":"tag-france","14":"tag-hauts-de-france","15":"tag-lille","16":"tag-news","17":"tag-republique-francaise"},"share_on_mastodon":{"url":"https:\/\/pubeurope.com\/@fr\/115043162131321572","error":""},"_links":{"self":[{"href":"https:\/\/www.europesays.com\/fr\/wp-json\/wp\/v2\/posts\/324512","targetHints":{"allow":["GET"]}}],"collection":[{"href":"https:\/\/www.europesays.com\/fr\/wp-json\/wp\/v2\/posts"}],"about":[{"href":"https:\/\/www.europesays.com\/fr\/wp-json\/wp\/v2\/types\/post"}],"author":[{"embeddable":true,"href":"https:\/\/www.europesays.com\/fr\/wp-json\/wp\/v2\/users\/2"}],"replies":[{"embeddable":true,"href":"https:\/\/www.europesays.com\/fr\/wp-json\/wp\/v2\/comments?post=324512"}],"version-history":[{"count":0,"href":"https:\/\/www.europesays.com\/fr\/wp-json\/wp\/v2\/posts\/324512\/revisions"}],"wp:featuredmedia":[{"embeddable":true,"href":"https:\/\/www.europesays.com\/fr\/wp-json\/wp\/v2\/media\/324513"}],"wp:attachment":[{"href":"https:\/\/www.europesays.com\/fr\/wp-json\/wp\/v2\/media?parent=324512"}],"wp:term":[{"taxonomy":"category","embeddable":true,"href":"https:\/\/www.europesays.com\/fr\/wp-json\/wp\/v2\/categories?post=324512"},{"taxonomy":"post_tag","embeddable":true,"href":"https:\/\/www.europesays.com\/fr\/wp-json\/wp\/v2\/tags?post=324512"}],"curies":[{"name":"wp","href":"https:\/\/api.w.org\/{rel}","templated":true}]}}