{"id":324514,"date":"2025-08-17T08:28:11","date_gmt":"2025-08-17T08:28:11","guid":{"rendered":"https:\/\/www.europesays.com\/fr\/324514\/"},"modified":"2025-08-17T08:28:11","modified_gmt":"2025-08-17T08:28:11","slug":"joyeuses-meres-lassociation-pour-les-femmes-et-mamans-solos-en-parcours-de-pma-vers-une-nouvelle-parentalite","status":"publish","type":"post","link":"https:\/\/www.europesays.com\/fr\/324514\/","title":{"rendered":"Joyeuses m\u00e8res, l\u2019association pour les femmes et mamans solos en parcours de PMA\u00a0: vers une nouvelle parentalit\u00e9"},"content":{"rendered":"<p>Depuis le 1er juillet 2025, une nouvelle loi est venue renforcer les droits des personnes engag\u00e9es dans un projet parental par PMA ou adoption pour les prot\u00e9ger contre toute forme de discrimination au travail. Ce qui pose une question : o\u00f9 en est-on aujourd\u2019hui, quatre ans apr\u00e8s la <a href=\"https:\/\/www.laprovence.com\/actu\/en-direct\/6407023\/le-parlement-adopte-definitivement-le-projet-de-loi-de-bioethique-et-louverture-de-la-pma-pour-toutes-les\" target=\"_blank\" rel=\"noopener\">loi de\u00a02021 ouvrant la procr\u00e9ation m\u00e9dicalement assist\u00e9e \u00e0 toutes les femmes en France<\/a>. \u00c0 Marseille, la r\u00e9ponse se lit dans le nombre de demande en constante augmentation chaque ann\u00e9e et les engagements citoyens mobilis\u00e9s. Parmi eux, l\u2019association Les Joyeuses M\u00e8res, fond\u00e9e par Marion Boucard, figure en premi\u00e8re ligne.<\/p>\n<p>\u00ab\u00a0Un combat pour la normalit\u00e9\u00a0\u00bb<\/p>\n<p>L\u2019histoire d\u00e9bute lorsque Marion Boucard, maman solo et fondatrice de l\u2019association, entame un parcours de PMA. Confront\u00e9e \u00e0 un manque d\u2019information et de soutien, elle d\u00e9cide de transformer son exp\u00e9rience personnelle en projet collectif. Avec un objectif : accompagner, informer et f\u00e9d\u00e9rer toutes celles qui, comme elle, choisissent ce chemin vers cette forme de parentalit\u00e9. \u00ab\u00a0Pour ces familles monoparentales, homosexuelle ou h\u00e9t\u00e9rosexuelle, leur parcours de PMA est un combat pour la normalit\u00e9. Un des objectifs de l\u2019association est de rendre visible et de l\u00e9gitimer toutes les fa\u00e7ons de faire famille\u00a0\u00bb, insiste-t-elle. Pour la fondatrice, c\u2019est aussi le moyen de d\u00e9construire les discours tr\u00e8s n\u00e9gatifs qui entourent parfois les mamans solos. \u00ab\u00a0Quand la loi est pass\u00e9e en 2021, une majorit\u00e9 de femmes c\u00e9libataires s\u2019est mise \u00e0 aller dans les centres APM pour avoir des enfants. Et les centres ont \u00e9t\u00e9 compl\u00e8tement d\u00e9bord\u00e9s par les demandes. Ils ne s\u2019attendaient pas \u00e0 un tel enthousiasme.\u00a0\u00bb\u00a0Car\u00a0depuis\u00a02021, c\u2019est pr\u00e8s de <a href=\"https:\/\/www.laprovence.com\/actu\/en-direct\/6670297\/pma-pour-toutes-plus-de-7-000-projets-deja-comptabilises-selon-veran.html\" target=\"_blank\" rel=\"noopener\">35 600 demandes de couples de femmes ou de femmes solo qui ont \u00e9t\u00e9 faites en France selon le CECOS (centre sp\u00e9cialis\u00e9 dans l\u2019assistance m\u00e9dicale \u00e0 la procr\u00e9ation) de l\u2019AP-HM de Marseille.<\/a><\/p>\n","protected":false},"excerpt":{"rendered":"Depuis le 1er juillet 2025, une nouvelle loi est venue renforcer les droits des personnes engag\u00e9es dans un&hellip;\n","protected":false},"author":2,"featured_media":324515,"comment_status":"","ping_status":"","sticky":false,"template":"","format":"standard","meta":{"footnotes":""},"categories":[2814],"tags":[17,1111,11,1777,674,4651,1011,27,46151,9445,151,884,22615,12,471,882,25,104],"class_list":{"0":"post-324514","1":"post","2":"type-post","3":"status-publish","4":"format-standard","5":"has-post-thumbnail","7":"category-marseille","8":"tag-17","9":"tag-actu","10":"tag-actualites","11":"tag-eu","12":"tag-europe","13":"tag-femmes","14":"tag-fr","15":"tag-france","16":"tag-joyeuses","17":"tag-lassociation","18":"tag-les","19":"tag-marseille","20":"tag-meres","21":"tag-news","22":"tag-pour","23":"tag-provence-alpes-cote-dazur","24":"tag-republique-francaise","25":"tag-societe"},"share_on_mastodon":{"url":"https:\/\/pubeurope.com\/@fr\/115043166069709659","error":""},"_links":{"self":[{"href":"https:\/\/www.europesays.com\/fr\/wp-json\/wp\/v2\/posts\/324514","targetHints":{"allow":["GET"]}}],"collection":[{"href":"https:\/\/www.europesays.com\/fr\/wp-json\/wp\/v2\/posts"}],"about":[{"href":"https:\/\/www.europesays.com\/fr\/wp-json\/wp\/v2\/types\/post"}],"author":[{"embeddable":true,"href":"https:\/\/www.europesays.com\/fr\/wp-json\/wp\/v2\/users\/2"}],"replies":[{"embeddable":true,"href":"https:\/\/www.europesays.com\/fr\/wp-json\/wp\/v2\/comments?post=324514"}],"version-history":[{"count":0,"href":"https:\/\/www.europesays.com\/fr\/wp-json\/wp\/v2\/posts\/324514\/revisions"}],"wp:featuredmedia":[{"embeddable":true,"href":"https:\/\/www.europesays.com\/fr\/wp-json\/wp\/v2\/media\/324515"}],"wp:attachment":[{"href":"https:\/\/www.europesays.com\/fr\/wp-json\/wp\/v2\/media?parent=324514"}],"wp:term":[{"taxonomy":"category","embeddable":true,"href":"https:\/\/www.europesays.com\/fr\/wp-json\/wp\/v2\/categories?post=324514"},{"taxonomy":"post_tag","embeddable":true,"href":"https:\/\/www.europesays.com\/fr\/wp-json\/wp\/v2\/tags?post=324514"}],"curies":[{"name":"wp","href":"https:\/\/api.w.org\/{rel}","templated":true}]}}