{"id":324516,"date":"2025-08-17T08:29:12","date_gmt":"2025-08-17T08:29:12","guid":{"rendered":"https:\/\/www.europesays.com\/fr\/324516\/"},"modified":"2025-08-17T08:29:12","modified_gmt":"2025-08-17T08:29:12","slug":"un-homme-blesse-par-balle-a-la-plaine-a-marseille-un-suspect-interpelle","status":"publish","type":"post","link":"https:\/\/www.europesays.com\/fr\/324516\/","title":{"rendered":"Un homme bless\u00e9 par balle \u00e0 La Plaine \u00e0 Marseille, un suspect interpell\u00e9"},"content":{"rendered":"<p>Un homme de 40 ans a \u00e9t\u00e9 bless\u00e9 par balle \u00e0 La Plaine \u00e0 Marseille, dans les Bouches-du-Rh\u00f4ne, ce samedi 16 ao\u00fbt 2025. Un suspect a \u00e9t\u00e9 interpell\u00e9.<\/p>\n<p>Nouveau bless\u00e9 par balle \u00e0 Marseille\u00a0: <strong>un homme de 40 ans, touch\u00e9 aux membres inf\u00e9rieurs<\/strong>, place Jean Jaur\u00e8s, dans le 5e arrondissement, ce samedi soir. Les marins-pompiers sont intervenus sur les lieux, connus sous le nom de la Plaine, vers 21h25. La victime a \u00e9t\u00e9 transport\u00e9e par une unit\u00e9 m\u00e9dicale vers l&rsquo;h\u00f4pital. Son pronostic vital n&rsquo;est pas engag\u00e9.<\/p>\n<p>Un suspect interpell\u00e9<\/p>\n<p>Un suspect a \u00e9t\u00e9 arr\u00eat\u00e9, selon une source proche de l&rsquo;enqu\u00eate \u00e0\u00a0ICI Provence, confirmant une information de\u00a0<a target=\"_blank\" rel=\"nofollow noopener noreferrer\" class=\"IciLink ici-link IciArticleLink g-ici-body-regular-1 underline brand svelte-lu7k6w\" href=\"https:\/\/www.laprovence.com\/article\/faits-divers-justice\/4172131328048\/un-homme-blesse-par-balle-a-la-plaine-a-marseille-ce-samedi-soir\">La Provence<\/a>. <strong>Sa garde \u00e0 vue<\/strong> est toujours en cours ce dimanche matin, dans le cadre de l&rsquo;enqu\u00eate ouverte.<\/p>\n<p> \u00c0 lire aussi   <img decoding=\"async\" src=\"https:\/\/www.europesays.com\/fr\/wp-content\/uploads\/2025\/08\/560x315_sc_sc_c6672303-f3c7-4750-b867-ce134abc3ba9.jpg\" alt=\"Les marins-pompiers de Marseille ont \u00e9t\u00e9 appel\u00e9s vers 20 heures. (Image d'illustration)\" style=\"--_image-preview:url('data:image\/jpeg;base64,\/9j\/2wBDACgcHiMeGSgjISMtKygwPGRBPDc3PHtYXUlkkYCZlo+AjIqgtObDoKrarYqMyP\/L2u71\/\/\/\/m8H\/\/\/\/6\/+b9\/\/j\/2wBDASstLTw1PHZBQXb4pYyl+Pj4+Pj4+Pj4+Pj4+Pj4+Pj4+Pj4+Pj4+Pj4+Pj4+Pj4+Pj4+Pj4+Pj4+Pj4+Pj4+Pj\/wAARCAAXACoDASIAAhEBAxEB\/8QAGAABAQEBAQAAAAAAAAAAAAAAAAMCAQT\/xAAZEAEAAwEBAAAAAAAAAAAAAAAAAQIREhP\/xAAVAQEBAAAAAAAAAAAAAAAAAAAAAf\/EABQRAQAAAAAAAAAAAAAAAAAAAAD\/2gAMAwEAAhEDEQA\/AKTdK1tT7OtUJIkBFa2xv0efcc7BCLKVkBVIdwBGLMaAP\/\/Z');\" loading=\"lazy\" fetchpriority=\"low\" aria-hidden=\"true\" class=\"svelte-1pnmlwx rounded\" onload=\"this.__e=event\" onerror=\"this.__e=event\"\/><\/p>\n","protected":false},"excerpt":{"rendered":"Un homme de 40 ans a \u00e9t\u00e9 bless\u00e9 par balle \u00e0 La Plaine \u00e0 Marseille, dans les Bouches-du-Rh\u00f4ne,&hellip;\n","protected":false},"author":2,"featured_media":324517,"comment_status":"","ping_status":"","sticky":false,"template":"","format":"standard","meta":{"footnotes":""},"categories":[2814],"tags":[1111,11,1777,674,1011,27,884,12,882,25],"class_list":{"0":"post-324516","1":"post","2":"type-post","3":"status-publish","4":"format-standard","5":"has-post-thumbnail","7":"category-marseille","8":"tag-actu","9":"tag-actualites","10":"tag-eu","11":"tag-europe","12":"tag-fr","13":"tag-france","14":"tag-marseille","15":"tag-news","16":"tag-provence-alpes-cote-dazur","17":"tag-republique-francaise"},"share_on_mastodon":{"url":"https:\/\/pubeurope.com\/@fr\/115043170167069399","error":""},"_links":{"self":[{"href":"https:\/\/www.europesays.com\/fr\/wp-json\/wp\/v2\/posts\/324516","targetHints":{"allow":["GET"]}}],"collection":[{"href":"https:\/\/www.europesays.com\/fr\/wp-json\/wp\/v2\/posts"}],"about":[{"href":"https:\/\/www.europesays.com\/fr\/wp-json\/wp\/v2\/types\/post"}],"author":[{"embeddable":true,"href":"https:\/\/www.europesays.com\/fr\/wp-json\/wp\/v2\/users\/2"}],"replies":[{"embeddable":true,"href":"https:\/\/www.europesays.com\/fr\/wp-json\/wp\/v2\/comments?post=324516"}],"version-history":[{"count":0,"href":"https:\/\/www.europesays.com\/fr\/wp-json\/wp\/v2\/posts\/324516\/revisions"}],"wp:featuredmedia":[{"embeddable":true,"href":"https:\/\/www.europesays.com\/fr\/wp-json\/wp\/v2\/media\/324517"}],"wp:attachment":[{"href":"https:\/\/www.europesays.com\/fr\/wp-json\/wp\/v2\/media?parent=324516"}],"wp:term":[{"taxonomy":"category","embeddable":true,"href":"https:\/\/www.europesays.com\/fr\/wp-json\/wp\/v2\/categories?post=324516"},{"taxonomy":"post_tag","embeddable":true,"href":"https:\/\/www.europesays.com\/fr\/wp-json\/wp\/v2\/tags?post=324516"}],"curies":[{"name":"wp","href":"https:\/\/api.w.org\/{rel}","templated":true}]}}