{"id":324518,"date":"2025-08-17T08:30:20","date_gmt":"2025-08-17T08:30:20","guid":{"rendered":"https:\/\/www.europesays.com\/fr\/324518\/"},"modified":"2025-08-17T08:30:20","modified_gmt":"2025-08-17T08:30:20","slug":"les-urgences-reservees-aux-patients-ayant-contacte-le-15","status":"publish","type":"post","link":"https:\/\/www.europesays.com\/fr\/324518\/","title":{"rendered":"les urgences r\u00e9serv\u00e9es aux patients ayant contact\u00e9 le 15"},"content":{"rendered":"<p>Faute de m\u00e9decins, l\u2019h\u00f4pital Saint-Joseph Saint-Luc (Lyon 7e) a \u00e9t\u00e9 contraint de r\u00e9guler ses urgences cet \u00e9t\u00e9.<\/p>\n<p>Depuis le 28\u00a0mai, l\u2019h\u00f4pital r\u00e9servait d\u00e9j\u00e0 l\u2019acc\u00e8s \u00e0 son service d\u2019urgences aux patients ayant pr\u00e9alablement compos\u00e9 le 15 les week-ends. Cette mesure doit <a href=\"https:\/\/www.leprogres.fr\/sante\/2025\/06\/12\/en-manque-de-medecins-les-urgences-de-saint-joseph-saint-luc-sont-regulees\" target=\"_blank\" rel=\"noopener\">rester en vigueur jusqu\u2019au 1er\u00a0septembre.<\/a> Mais, depuis 10 jours, ce dispositif est aussi appliqu\u00e9 pendant la semaine et ce, <a href=\"https:\/\/www.leprogres.fr\/sante\/2025\/08\/06\/a-l-hopital-saint-joseph-saint-luc-les-urgences-seront-reservees-des-vendredi-aux-patients-ayant-contacte-le-15#PlugCommentsList2\" target=\"_blank\" rel=\"noopener\"> jusqu\u2019au 25\u00a0ao\u00fbt.<\/a><\/p>\n<p>Le fonctionnement des autres services reste inchang\u00e9, de m\u00eame que les consultations de m\u00e9decine g\u00e9n\u00e9rale du <a href=\"https:\/\/www.leprogres.fr\/sante\/2024\/02\/14\/une-alternative-aux-urgences-le-centre-de-sante-de-saint-joseph-saint-luc-ouvrira-en-mars\" target=\"_blank\" rel=\"noopener\">centre de sant\u00e9<\/a>, rue Raulin.<\/p>\n<p>Alors que 17 postes \u00e9quivalents temps plein (ETP) de m\u00e9decins sont n\u00e9cessaires pour assurer un fonctionnement \u00ab\u00a0optimal\u00a0\u00bb, 24 heures\/24, 7 jours\/7 des urgences, il manquait 5 ETP avant l\u2019\u00e9t\u00e9, avait pr\u00e9cis\u00e9, au Progr\u00e8s, la direction de l\u2019\u00e9tablissement, il y a quelques semaines.<\/p>\n<p>  Un impact sur les autres h\u00f4pitaux<\/p>\n<p>Si cette r\u00e9gulation a \u00e9t\u00e9 mise en place en accord avec les autorit\u00e9s de sant\u00e9, le syndicat USDS CGT 69 estime que \u00ab\u00a0ce n\u2019est pas une solution\u00a0\u00bb. \u00ab\u00a0Cela engendre une surcharge des appels au 15 sans moyens suppl\u00e9mentaires dans un service qui est d\u00e9j\u00e0 en sous-effectif. Cette attente peut \u00eatre lourde de cons\u00e9quence en cas d\u2019urgence vitale.<\/p>\n<p>\u00c0 savoir que cette r\u00e9gulation impacte les urgences des h\u00f4pitaux publics, comme ceux de l\u2019h\u00f4pital \u00c9douard-Herriot ainsi que de l\u2019h\u00f4pital Lyon Sud dont les passages des patients hors secteurs sont doubl\u00e9s les week-ends par rapport \u00e0 la semaine\u00a0\u00bb, s\u2019inqui\u00e9tait d\u00e9j\u00e0 le syndicat fin juillet avant que la r\u00e9gulation ne soit \u00e9tendue \u00e0 la semaine.<\/p>\n","protected":false},"excerpt":{"rendered":"Faute de m\u00e9decins, l\u2019h\u00f4pital Saint-Joseph Saint-Luc (Lyon 7e) a \u00e9t\u00e9 contraint de r\u00e9guler ses urgences cet \u00e9t\u00e9. Depuis&hellip;\n","protected":false},"author":2,"featured_media":324519,"comment_status":"","ping_status":"","sticky":false,"template":"","format":"standard","meta":{"footnotes":""},"categories":[1889],"tags":[1111,11,2430,3152,2757,3153,3154,1777,674,1011,27,2428,5946,2756,12,25,2429,71],"class_list":{"0":"post-324518","1":"post","2":"type-post","3":"status-publish","4":"format-standard","5":"has-post-thumbnail","7":"category-lyon","8":"tag-actu","9":"tag-actualites","10":"tag-auvergne-rhone-alpes","11":"tag-edition-est-lyonnais","12":"tag-edition-lyon-villeurbanne","13":"tag-edition-ouest-lyonnais","14":"tag-edition-sud-lyonnais","15":"tag-eu","16":"tag-europe","17":"tag-fr","18":"tag-france","19":"tag-lyon","20":"tag-lyon-7e-arrondissement","21":"tag-lyon-bassin","22":"tag-news","23":"tag-republique-francaise","24":"tag-rhone","25":"tag-sante"},"share_on_mastodon":{"url":"https:\/\/pubeurope.com\/@fr\/115043173961562093","error":""},"_links":{"self":[{"href":"https:\/\/www.europesays.com\/fr\/wp-json\/wp\/v2\/posts\/324518","targetHints":{"allow":["GET"]}}],"collection":[{"href":"https:\/\/www.europesays.com\/fr\/wp-json\/wp\/v2\/posts"}],"about":[{"href":"https:\/\/www.europesays.com\/fr\/wp-json\/wp\/v2\/types\/post"}],"author":[{"embeddable":true,"href":"https:\/\/www.europesays.com\/fr\/wp-json\/wp\/v2\/users\/2"}],"replies":[{"embeddable":true,"href":"https:\/\/www.europesays.com\/fr\/wp-json\/wp\/v2\/comments?post=324518"}],"version-history":[{"count":0,"href":"https:\/\/www.europesays.com\/fr\/wp-json\/wp\/v2\/posts\/324518\/revisions"}],"wp:featuredmedia":[{"embeddable":true,"href":"https:\/\/www.europesays.com\/fr\/wp-json\/wp\/v2\/media\/324519"}],"wp:attachment":[{"href":"https:\/\/www.europesays.com\/fr\/wp-json\/wp\/v2\/media?parent=324518"}],"wp:term":[{"taxonomy":"category","embeddable":true,"href":"https:\/\/www.europesays.com\/fr\/wp-json\/wp\/v2\/categories?post=324518"},{"taxonomy":"post_tag","embeddable":true,"href":"https:\/\/www.europesays.com\/fr\/wp-json\/wp\/v2\/tags?post=324518"}],"curies":[{"name":"wp","href":"https:\/\/api.w.org\/{rel}","templated":true}]}}