{"id":324520,"date":"2025-08-17T08:31:14","date_gmt":"2025-08-17T08:31:14","guid":{"rendered":"https:\/\/www.europesays.com\/fr\/324520\/"},"modified":"2025-08-17T08:31:14","modified_gmt":"2025-08-17T08:31:14","slug":"un-garage-vise-par-une-attaque-a-la-voiture-belier","status":"publish","type":"post","link":"https:\/\/www.europesays.com\/fr\/324520\/","title":{"rendered":"un garage vis\u00e9 par une attaque \u00e0 la voiture-b\u00e9lier"},"content":{"rendered":"<p>                            <img loading=\"lazy\" width=\"1082\" height=\"675\" class=\"attachment-article size-article wp-post-image lazyload\" alt=\"Police nationale de Lyon @Hugo LAUBEPIN\" decoding=\"async\" src=\"https:\/\/www.europesays.com\/fr\/wp-content\/uploads\/2025\/08\/POLICE-MUNICIPALE--e1706800354798.jpg\" data-eio-rwidth=\"1082\" data-eio-rheight=\"675\"\/><\/p>\n<p>Photo d\u2019illustration. @Hugo LAUBEPIN<\/p>\n<p class=\"content\" style=\"font-size:1.2em;font-weight:700\">Un garage automobile au nord de Lyon a \u00e9t\u00e9 la cible d\u2019une attaque \u00e0 la voiture-b\u00e9lier dans la nuit de vendredi \u00e0 samedi. Au moins un v\u00e9hicule a \u00e9t\u00e9 vol\u00e9.<\/p>\n<p>Dans la nuit de vendredi \u00e0 samedi, un garage situ\u00e9 aux Ch\u00e8res a \u00e9t\u00e9 pris pour cible par des malfaiteurs qui ont utilis\u00e9 une voiture-b\u00e9lier pour p\u00e9n\u00e9trer dans les locaux. Au moins un v\u00e9hicule a \u00e9t\u00e9 vol\u00e9, a appris <a href=\"https:\/\/c.leprogres.fr\/faits-divers-justice\/2025\/08\/16\/attaque-voiture-belier-contre-un-garage-renault-au-nord-de-lyon\" target=\"_blank\" rel=\"noreferrer noopener\">Le Progr\u00e8s<\/a>.<\/p>\n<p>Les faits se sont d\u00e9roul\u00e9s aux alentours de 5 heures du matin. Pr\u00e9venue rapidement, la gendarmerie a ouvert une enqu\u00eate de flagrance pour tenter de d\u00e9terminer les circonstances pr\u00e9cises de ce casse et identifier ses auteurs.<\/p>\n<p>L&rsquo;hypoth\u00e8se d&rsquo;une \u00e9quipe op\u00e9rant en s\u00e9rie dans la r\u00e9gion \u00e9voqu\u00e9e<\/p>\n<p>Selon les premiers \u00e9l\u00e9ments recueillis, les malfaiteurs ont utilis\u00e9 un v\u00e9hicule pour d\u00e9foncer la fa\u00e7ade de l\u2019\u00e9tablissement, une m\u00e9thode appel\u00e9e \u00ab casse-b\u00e9lier \u00bb fr\u00e9quemment employ\u00e9e dans des braquages nocturnes. Au moins une voiture aurait \u00e9t\u00e9 d\u00e9rob\u00e9e.<\/p>\n<p>Les enqu\u00eateurs n\u2019\u00e9cartent pas l\u2019hypoth\u00e8se d\u2019une \u00e9quipe organis\u00e9e op\u00e9rant en s\u00e9rie dans la r\u00e9gion, d\u00e9j\u00e0 marqu\u00e9e ces derniers mois par plusieurs cambriolages violents de ce type.<\/p>\n<p><strong>Lire aussi : <a href=\"https:\/\/www.lyoncapitale.fr\/actualite\/venissieux-un-homme-menace-de-se-suicider-avec-une-arme-a-feu-le-raid-intervient\" target=\"_blank\" rel=\"noreferrer noopener\">V\u00e9nissieux : un homme menace de se suicider avec une arme \u00e0 feu, le Raid intervient<\/a><\/strong><\/p>\n","protected":false},"excerpt":{"rendered":"Photo d\u2019illustration. @Hugo LAUBEPIN Un garage automobile au nord de Lyon a \u00e9t\u00e9 la cible d\u2019une attaque \u00e0&hellip;\n","protected":false},"author":2,"featured_media":324521,"comment_status":"","ping_status":"","sticky":false,"template":"","format":"standard","meta":{"footnotes":""},"categories":[1889],"tags":[1111,11,2430,9462,1777,674,118,1011,27,2428,12,25,2429],"class_list":{"0":"post-324520","1":"post","2":"type-post","3":"status-publish","4":"format-standard","5":"has-post-thumbnail","7":"category-lyon","8":"tag-actu","9":"tag-actualites","10":"tag-auvergne-rhone-alpes","11":"tag-cambriolages","12":"tag-eu","13":"tag-europe","14":"tag-faits-divers","15":"tag-fr","16":"tag-france","17":"tag-lyon","18":"tag-news","19":"tag-republique-francaise","20":"tag-rhone"},"share_on_mastodon":{"url":"https:\/\/pubeurope.com\/@fr\/115043177789173881","error":""},"_links":{"self":[{"href":"https:\/\/www.europesays.com\/fr\/wp-json\/wp\/v2\/posts\/324520","targetHints":{"allow":["GET"]}}],"collection":[{"href":"https:\/\/www.europesays.com\/fr\/wp-json\/wp\/v2\/posts"}],"about":[{"href":"https:\/\/www.europesays.com\/fr\/wp-json\/wp\/v2\/types\/post"}],"author":[{"embeddable":true,"href":"https:\/\/www.europesays.com\/fr\/wp-json\/wp\/v2\/users\/2"}],"replies":[{"embeddable":true,"href":"https:\/\/www.europesays.com\/fr\/wp-json\/wp\/v2\/comments?post=324520"}],"version-history":[{"count":0,"href":"https:\/\/www.europesays.com\/fr\/wp-json\/wp\/v2\/posts\/324520\/revisions"}],"wp:featuredmedia":[{"embeddable":true,"href":"https:\/\/www.europesays.com\/fr\/wp-json\/wp\/v2\/media\/324521"}],"wp:attachment":[{"href":"https:\/\/www.europesays.com\/fr\/wp-json\/wp\/v2\/media?parent=324520"}],"wp:term":[{"taxonomy":"category","embeddable":true,"href":"https:\/\/www.europesays.com\/fr\/wp-json\/wp\/v2\/categories?post=324520"},{"taxonomy":"post_tag","embeddable":true,"href":"https:\/\/www.europesays.com\/fr\/wp-json\/wp\/v2\/tags?post=324520"}],"curies":[{"name":"wp","href":"https:\/\/api.w.org\/{rel}","templated":true}]}}