{"id":324522,"date":"2025-08-17T08:34:14","date_gmt":"2025-08-17T08:34:14","guid":{"rendered":"https:\/\/www.europesays.com\/fr\/324522\/"},"modified":"2025-08-17T08:34:14","modified_gmt":"2025-08-17T08:34:14","slug":"a-paris-la-roue-de-la-fortune-de-lemblematique-anneau-de-longchamp","status":"publish","type":"post","link":"https:\/\/www.europesays.com\/fr\/324522\/","title":{"rendered":"\u00e0 Paris, la roue de la Fortune de l&#8217;embl\u00e9matique anneau de Longchamp"},"content":{"rendered":"<p>            Par<br \/>\n        <strong><br \/>\n            <a href=\"https:\/\/actu.fr\/auteur\/antoine-grotteria02\" title=\"Consulter tous les articles de Antoine Grotteria\" target=\"_blank\" rel=\"noopener\">Antoine Grotteria<\/a><br \/>\n        <\/strong><\/p>\n<p>        Publi\u00e9 le<\/p>\n<p>            17 ao\u00fbt 2025 \u00e0 10h10        <\/p>\n<p>Les coteaux de <a href=\"https:\/\/actu.fr\/ile-de-france\/suresnes_92073\" target=\"_blank\" rel=\"noopener\">Suresnes<\/a> se perdent dans la brume. Au loin, une grande tour du quartier de <a href=\"https:\/\/actu.fr\/tag\/la-defense\" target=\"_blank\" rel=\"noopener\">La D\u00e9fense<\/a> surgit difficilement d\u2019un \u00e9pais voile. La perspective de <strong>l\u2019hippodrome de Longchamp<\/strong>, aux extr\u00e9mit\u00e9s du 16e arrondissement, reste obstru\u00e9e. Dans ce champ de vision alt\u00e9r\u00e9 d\u2019une fra\u00eeche matin\u00e9e d\u2019ao\u00fbt 2025, des silhouettes de toutes formes tournent m\u00e9caniquement. Pourtant, le bruit du p\u00e9dalier et des roues menues rel\u00e8ve de l\u2019\u00e9pure. La route est d\u00e9gag\u00e9e. \u00c0 quelques m\u00e8tres de l\u00e0, le <a href=\"https:\/\/actu.fr\/tag\/bois-de-boulogne\" target=\"_blank\" rel=\"noopener\">bois de Boulogne<\/a> accueille des coureurs matinaux. Il est 8\u00a0heures. La journ\u00e9e commence. Des heures durant, un ballet incessant de <strong>cyclistes<\/strong> se produira sur une sc\u00e8ne devenue mythique, \u00e0 tel point qu\u2019on la baptise officiellement <strong>anneau de Lonchamp<\/strong>. Long de 3,6 kilom\u00e8tres, il demeure l\u2019un des spots incontournables du sport \u00e0 <a href=\"https:\/\/actu.fr\/paris\/\" target=\"_blank\" rel=\"noopener\">Paris<\/a>.<\/p>\n<p>Un vieil anneau constell\u00e9 de stars<\/p>\n<p class=\" wall-content\">Au sommet du faux plat qui donne un aper\u00e7u sur les communes hupp\u00e9es des <a href=\"https:\/\/actu.fr\/ile-de-france\/hauts-de-seine_92\" target=\"_blank\" rel=\"noopener\">Hauts-de-Seine<\/a>, Marc, Daniel et Bernard papotent. La soixantaine pass\u00e9e, les trois amis connaissent parfaitement l\u2019anneau, o\u00f9 ils viennent rouler depuis <strong>plus de vingt ans<\/strong>.<\/p>\n<blockquote class=\"ac-article-quote wall-content\">\n<p>\u00ab\u2009C\u2019est un endroit unique \u00e0 Paris. Il n\u2019y a quasiment pas de voiture. Et le format en circuit permet de travailler diff\u00e9rents aspects\u2009\u00bb<\/p>\n<p>    <strong>Marc<\/strong><br \/>\n        Cycliste amateur     <\/p><\/blockquote>\n<p class=\" wall-content\">Affable coureur jamais avare de propos humoristiques, Marc ose. \u00ab\u2009Allez, on roule \u00e0 40, 50, 60\u2009?\u2009\u00bb, plaisante-t-il.<\/p>\n<p class=\" wall-content\">Quelques minutes d\u2019observation suffisent \u00e0 comprendre la dynamique de cet anneau. Avec ses <strong>deux virages<\/strong>, ses deux <strong>lignes droites<\/strong> et sa petite inclinaison de <strong>600\u00a0m\u00e8tres<\/strong>, le circuit permet de s\u2019exercer sans \u00eatre importun\u00e9. Seules ou en groupe, les sessions peuvent durer quelques heures. \u00ab\u2009Nous, on reste 4\u00a0heures. Enfin, on discute la moiti\u00e9 du temps\u2009\u00bb, ricane Bernard pr\u00e8s de la fontaine, traditionnel point de ralliement des coursiers.<\/p>\n<p>    <img   decoding=\"async\" loading=\"lazy\" src=\"https:\/\/www.europesays.com\/fr\/wp-content\/uploads\/2025\/08\/paris-longchamp-velo-serie-4-960x640.jpg\" alt=\"Marc, Daniel et Bernard, les trois amis pr\u00e9sents de gauche \u00e0 droite, viennent tr\u00e8s r\u00e9guli\u00e8rement depuis plusieurs d\u00e9cennies. \" width=\"960\" height=\"640\"\/><br \/>\n    Marc, Daniel et Bernard, les trois amis pr\u00e9sents de gauche \u00e0 droite, viennent tr\u00e8s r\u00e9guli\u00e8rement depuis plusieurs d\u00e9cennies. (\u00a9AG\/ actu Paris)<\/p>\n<p class=\" wall-content\">Si l\u2019anneau dispose d\u2019une aussi grande r\u00e9putation, il n\u2019est pas incons\u00e9quent de convoquer <strong>l\u2019histoire<\/strong>. Ouverte en 1857, sous Napol\u00e9on III, la route a embrass\u00e9 les \u00e9volutions socio-\u00e9conomiques de la capitale. La <strong>bourgeoisie<\/strong>, rarement aussi flatt\u00e9e que durant le <a href=\"https:\/\/actu.fr\/ile-de-france\/paris_75056\/lampadaires-bancs-colonnes-morris-pourquoi-le-mobilier-urbain-est-un-symbole-de-paris_40891452.html\" target=\"_blank\" rel=\"noopener\">Second Empire<\/a>, se retrouvait dans les tribunes de l\u2019hippodrome de Longchamp, tandis que les curieux du <strong>progr\u00e8s technologique<\/strong> d\u00e9couvraient l\u2019usage du v\u00e9lo.<\/p>\n<p class=\" wall-content\">Vingt-trois ans plus tard, la premi\u00e8re course officielle avait lieu \u00e0 Longchamp, retrace le <a href=\"https:\/\/velo-longchamp.fr\/blog\/histoirelongchamp-tempsdeschampions\" target=\"_blank\" rel=\"noopener\">V\u00e9lo Association Longchamp<\/a> (VAL), citant l\u2019auteur Eug\u00e8ne Gendry dans le livre Sport v\u00e9locip\u00e9dique\u2009: les champions fran\u00e7ais (1891). Cet \u00e9v\u00e9nement marque le lancement de pr\u00e8s d\u2019un si\u00e8cle de courses \u00e9pisodiques organis\u00e9es autour de l\u2019hippodrome. Des figures du v\u00e9lo, telles que le Belge <strong>Eddy Merckx<\/strong> ou le Fran\u00e7ais <strong>Jacques Anquetil<\/strong>, ont particip\u00e9 \u00e0 des crit\u00e9riums.<\/p>\n<p>De nouveaux profils<\/p>\n<p class=\" wall-content\">Changement d\u2019\u00e9poque. Pr\u00e8s d\u2019un demi-si\u00e8cle apr\u00e8s la course professionnelle, la route baragouine un <strong>autre langage<\/strong>. Les donn\u00e9es, abondamment relay\u00e9es sur l\u2019application Strava, participent d\u2019une mutation de la pratique du cyclisme.<\/p>\n<blockquote class=\"ac-article-quote wall-content\">\n<p>\u00ab\u2009On le voit bien, \u00e7a roule de plus en plus vite. Avant, l\u2019entra\u00eenement se faisait \u00e0 une bonne allure, mais \u00e7a n\u2019a rien \u00e0 voir avec maintenant\u2009\u00bb<\/p>\n<p>    <strong>Daniel<\/strong><br \/>\n        Cycliste amateur    <\/p><\/blockquote>\n<p class=\" wall-content\">Depuis le <a href=\"https:\/\/actu.fr\/paris\/societe\/coronavirus\" target=\"_blank\" rel=\"noopener\">Covid-19<\/a>, l\u2019anneau de Longchamp a vu arriver de nouveaux profils. \u00ab\u2009<strong>Ce sont des jeunes actifs<\/strong>, tr\u00e8s bien entretenus physiquement, mais <strong>pas forc\u00e9ment familiers avec le cyclisme en peloton<\/strong>\u2009\u00bb, explique Marc. \u00c0 l\u2019instar de la course \u00e0 pied, les cyclistes sont de plus en plus nombreux dans la capitale. Selon une <a href=\"https:\/\/www.ecologie.gouv.fr\/sites\/default\/files\/documents\/DGITM_Enquete%20Nationale%20-%20Usage%20du%20VELO%20-%20Resultats%202023_0.pdf\" target=\"_blank\" rel=\"noopener\">\u00e9tude<\/a> du minist\u00e8re de la Transition \u00e9cologique publi\u00e9e en 2023, 39\u2009% des Parisiens pratiquaient le v\u00e9lo r\u00e9guli\u00e8rement. Ce taux s\u2019av\u00e8re sup\u00e9rieur aux niveaux enregistr\u00e9s en petite couronne et en grande couronne. Mais quelle que soit la commune, la pratique s\u2019intensifie.<\/p>\n<p>    <img   decoding=\"async\" loading=\"lazy\" src=\"https:\/\/www.europesays.com\/fr\/wp-content\/uploads\/2025\/08\/paris-longchamp-velo-serie-7-960x640.jpg\" alt=\"Les vitesses peuvent \u00eatre grandes dans la descente du faux plat. Et la question de la s\u00e9curit\u00e9 demeure primordiale. \" width=\"960\" height=\"640\"\/><br \/>\n    Les vitesses peuvent \u00eatre grandes dans la descente du faux plat. Et la question de la s\u00e9curit\u00e9 demeure primordiale. (\u00a9AG\/ actu Paris)<\/p>\n<p class=\" wall-content\">Cette ouverture de la route a des cons\u00e9quences sur le partage de la voie. \u00ab\u2009Il y a vrai un changement de comportement. Faire une queue de poisson ou passer entre deux cyclistes, \u00e7a ne devrait pas \u00eatre autoris\u00e9\u2009\u00bb, peste Daniel. \u00ab\u2009<strong>Ces mecs-l\u00e0 n\u2019ont pas la science du v\u00e9lo<\/strong>\u2009\u00bb, juste Marc. Une question de g\u00e9n\u00e9ration\u2009? \u00ab\u2009Assur\u00e9ment\u2009\u00bb, acquiescent les trois amis.<\/p>\n<p>La s\u00e9curit\u00e9 d\u00e9grad\u00e9e\u2009?<\/p>\n<p class=\" wall-content\">La question de la <strong>s\u00e9curit\u00e9<\/strong> reste omnipr\u00e9sente chez l\u2019ensemble des personnes interrog\u00e9es. Le partage de la chauss\u00e9e, inscrit au sol par des marquages, entre les pi\u00e9tons et les cyclistes, ne s\u2019av\u00e8re pas toujours saisi.<\/p>\n<blockquote class=\"ac-article-quote wall-content\">\n<p>\u00ab\u2009Entre un professionnel qui fait ses gammes \u00e0 60\u00a0km\/h et un mec \u00e0 V\u00e9lib, vous imaginez le delta\u2009\u00bb<\/p>\n<p>    <strong>Jean-Luc<\/strong><br \/>\n        Usager de l&rsquo;anneau de Longchamp    <\/p><\/blockquote>\n<p class=\" wall-content\">Ajoutez \u00e0 cela l\u2019incursion sporadique de <strong>v\u00e9hicules motoris\u00e9s<\/strong> et cela procure de l\u2019angoisse. La piste cyclable a d\u00e9j\u00e0 entra\u00een\u00e9 un accident mortel, \u00e0 l\u2019\u00e9t\u00e9 2021. Le 18 juin, un homme de 57 ans \u00e9tait d\u00e9c\u00e9d\u00e9 lors d\u2019une <a href=\"https:\/\/www.leparisien.fr\/paris-75\/lhommage-et-la-colere-apres-le-deces-dun-cycliste-sur-lanneau-de-longchamp-21-11-2021-3PQ63KBUBZAPTFBNBCA6ENDLRI.php\" target=\"_blank\" rel=\"noopener\">collision<\/a> avec un camion en stationnement, comme le notait alors Le Parisien.<\/p>\n<p>    <a href=\"https:\/\/email.publihebdos.com\/form?lid=Mqc7o19yVDtMEo2FE8aUtw2\" title=\"Ouvrie le lien\" target=\"_blank\" rel=\"noopener\">Cliquez ici pour visualiser le contenu<\/a><\/p>\n<p class=\" wall-content\">Le quotidien se faisait le relais des demandes de s\u00e9curisation exhort\u00e9es par les pratiques et les associations. Lors d\u2019un Conseil de Paris organis\u00e9 en novembre\u00a02024, la Ville avait promis de <strong>fermer un tron\u00e7on<\/strong> de l\u2019anneau de Longchamp entre Neuilly-sur-Seine et le Bois de Boulogne aux v\u00e9hicules motoris\u00e9es. Mais la voie reste <strong>ouverte<\/strong>, nonobstant une fermeture temporaire.<\/p>\n<p class=\" wall-content\">Suivez toute l\u2019actualit\u00e9 de vos villes et m\u00e9dias favoris en vous inscrivant \u00e0 <a href=\"https:\/\/moncompte.actu.fr\" title=\"D\u00e9couvez Mon Actu\" rel=\"nofollow noopener\" data-trk=\"{&quot;cta&quot;:{&quot;action&quot;:&quot;https:\\\/\\\/moncompte.actu.fr&quot;,&quot;category&quot;:&quot;mon compte&quot;,&quot;from&quot;:&quot;article footer&quot;,&quot;name&quot;:&quot;Mon actu&quot;,&quot;type&quot;:&quot;cta&quot;}}\" target=\"_blank\">Mon Actu<\/a>.<\/p>\n","protected":false},"excerpt":{"rendered":"Par Antoine Grotteria Publi\u00e9 le 17 ao\u00fbt 2025 \u00e0 10h10 Les coteaux de Suresnes se perdent dans la&hellip;\n","protected":false},"author":2,"featured_media":324523,"comment_status":"","ping_status":"","sticky":false,"template":"","format":"standard","meta":{"footnotes":""},"categories":[1888],"tags":[1111,1928,11,1927,30113,207,1777,674,1011,27,12,1926,626,1925,25,60,208],"class_list":{"0":"post-324522","1":"post","2":"type-post","3":"status-publish","4":"format-standard","5":"has-post-thumbnail","7":"category-paris","8":"tag-actu","9":"tag-actu-paris","10":"tag-actualites","11":"tag-actualites-paris","12":"tag-bois-de-boulogne","13":"tag-cyclisme","14":"tag-eu","15":"tag-europe","16":"tag-fr","17":"tag-france","18":"tag-news","19":"tag-news-paris","20":"tag-paris","21":"tag-paris-news","22":"tag-republique-francaise","23":"tag-sports","24":"tag-velo"},"share_on_mastodon":{"url":"https:\/\/pubeurope.com\/@fr\/115043190081191938","error":""},"_links":{"self":[{"href":"https:\/\/www.europesays.com\/fr\/wp-json\/wp\/v2\/posts\/324522","targetHints":{"allow":["GET"]}}],"collection":[{"href":"https:\/\/www.europesays.com\/fr\/wp-json\/wp\/v2\/posts"}],"about":[{"href":"https:\/\/www.europesays.com\/fr\/wp-json\/wp\/v2\/types\/post"}],"author":[{"embeddable":true,"href":"https:\/\/www.europesays.com\/fr\/wp-json\/wp\/v2\/users\/2"}],"replies":[{"embeddable":true,"href":"https:\/\/www.europesays.com\/fr\/wp-json\/wp\/v2\/comments?post=324522"}],"version-history":[{"count":0,"href":"https:\/\/www.europesays.com\/fr\/wp-json\/wp\/v2\/posts\/324522\/revisions"}],"wp:featuredmedia":[{"embeddable":true,"href":"https:\/\/www.europesays.com\/fr\/wp-json\/wp\/v2\/media\/324523"}],"wp:attachment":[{"href":"https:\/\/www.europesays.com\/fr\/wp-json\/wp\/v2\/media?parent=324522"}],"wp:term":[{"taxonomy":"category","embeddable":true,"href":"https:\/\/www.europesays.com\/fr\/wp-json\/wp\/v2\/categories?post=324522"},{"taxonomy":"post_tag","embeddable":true,"href":"https:\/\/www.europesays.com\/fr\/wp-json\/wp\/v2\/tags?post=324522"}],"curies":[{"name":"wp","href":"https:\/\/api.w.org\/{rel}","templated":true}]}}