{"id":324524,"date":"2025-08-17T08:35:13","date_gmt":"2025-08-17T08:35:13","guid":{"rendered":"https:\/\/www.europesays.com\/fr\/324524\/"},"modified":"2025-08-17T08:35:13","modified_gmt":"2025-08-17T08:35:13","slug":"biere-polemique-et-surprise-de-kita-pour-paris","status":"publish","type":"post","link":"https:\/\/www.europesays.com\/fr\/324524\/","title":{"rendered":"bi\u00e8re pol\u00e9mique et surprise de Kita pour Paris"},"content":{"rendered":"<p>\u00c0 la veille de la r\u00e9ception du Paris Saint-Germain, une d\u00e9cision fait pol\u00e9mique \u00e0 Nantes : d\u00e9sormais, pour consommer une bi\u00e8re \u00e0 la Beaujoire, il faudra obligatoirement acheter un repas.<\/p>\n<p><a href=\"#ambiance-menacee\" class=\"table-link no-link anchor-link\" data-index=\"rb-heading-index-0-279948\">Ambiance menac\u00e9e ?<\/a><a href=\"#une-surprise-de-kita\" class=\"table-link no-link anchor-link\" data-index=\"rb-heading-index-1-279948\">Une surprise de Kita<\/a><\/p>\n<p>Une mesure qui passe mal:\u00a0 Les collectifs de supporters canaris d\u00e9noncent une \u00ab atteinte \u00e0 la convivialit\u00e9 \u00bb et craignent qu\u2019une telle restriction nuise \u00e0 l\u2019ambiance dans les tribunes. \u00ab L\u2019atmosph\u00e8re unique risque de dispara\u00eetre \u00bb, \u00e9crivent-ils dans un communiqu\u00e9.<\/p>\n<p>Ambiance menac\u00e9e ?<\/p>\n<p>Cette grogne pourrait se traduire d\u00e8s dimanche soir par une tribune plus calme qu\u2019\u00e0 l\u2019accoutum\u00e9e. Un comble pour un premier match de la saison, d\u2019autant plus face au champion de France en titre.<\/p>\n<p>Une surprise de Kita<\/p>\n<p>De son c\u00f4t\u00e9, le pr\u00e9sident Waldemar Kita a annonc\u00e9 pr\u00e9parer une \u00ab petite surprise \u00bb pour f\u00e9liciter le PSG apr\u00e8s sa victoire en Ligue des Champions. Un geste symbolique qui tranchera avec la contestation des fans nantais. Que sera cette surprise ? R\u00e9ponse dans quelques heures.<\/p>\n<p class=\"relate\">A lire aussi:<\/p>\n","protected":false},"excerpt":{"rendered":"\u00c0 la veille de la r\u00e9ception du Paris Saint-Germain, une d\u00e9cision fait pol\u00e9mique \u00e0 Nantes : d\u00e9sormais, pour&hellip;\n","protected":false},"author":2,"featured_media":324525,"comment_status":"","ping_status":"","sticky":false,"template":"","format":"standard","meta":{"footnotes":""},"categories":[1888],"tags":[1111,1928,11,1927,1777,674,1011,27,12,1926,626,1925,25],"class_list":{"0":"post-324524","1":"post","2":"type-post","3":"status-publish","4":"format-standard","5":"has-post-thumbnail","7":"category-paris","8":"tag-actu","9":"tag-actu-paris","10":"tag-actualites","11":"tag-actualites-paris","12":"tag-eu","13":"tag-europe","14":"tag-fr","15":"tag-france","16":"tag-news","17":"tag-news-paris","18":"tag-paris","19":"tag-paris-news","20":"tag-republique-francaise"},"share_on_mastodon":{"url":"https:\/\/pubeurope.com\/@fr\/115043193608928613","error":""},"_links":{"self":[{"href":"https:\/\/www.europesays.com\/fr\/wp-json\/wp\/v2\/posts\/324524","targetHints":{"allow":["GET"]}}],"collection":[{"href":"https:\/\/www.europesays.com\/fr\/wp-json\/wp\/v2\/posts"}],"about":[{"href":"https:\/\/www.europesays.com\/fr\/wp-json\/wp\/v2\/types\/post"}],"author":[{"embeddable":true,"href":"https:\/\/www.europesays.com\/fr\/wp-json\/wp\/v2\/users\/2"}],"replies":[{"embeddable":true,"href":"https:\/\/www.europesays.com\/fr\/wp-json\/wp\/v2\/comments?post=324524"}],"version-history":[{"count":0,"href":"https:\/\/www.europesays.com\/fr\/wp-json\/wp\/v2\/posts\/324524\/revisions"}],"wp:featuredmedia":[{"embeddable":true,"href":"https:\/\/www.europesays.com\/fr\/wp-json\/wp\/v2\/media\/324525"}],"wp:attachment":[{"href":"https:\/\/www.europesays.com\/fr\/wp-json\/wp\/v2\/media?parent=324524"}],"wp:term":[{"taxonomy":"category","embeddable":true,"href":"https:\/\/www.europesays.com\/fr\/wp-json\/wp\/v2\/categories?post=324524"},{"taxonomy":"post_tag","embeddable":true,"href":"https:\/\/www.europesays.com\/fr\/wp-json\/wp\/v2\/tags?post=324524"}],"curies":[{"name":"wp","href":"https:\/\/api.w.org\/{rel}","templated":true}]}}