{"id":324526,"date":"2025-08-17T08:36:14","date_gmt":"2025-08-17T08:36:14","guid":{"rendered":"https:\/\/www.europesays.com\/fr\/324526\/"},"modified":"2025-08-17T08:36:14","modified_gmt":"2025-08-17T08:36:14","slug":"jai-croise-mes-voisins-en-costume-depoque-a-paris-les-tournages-de-cinema-sinvitent-aussi-dans-les-appartements","status":"publish","type":"post","link":"https:\/\/www.europesays.com\/fr\/324526\/","title":{"rendered":"\u00ab\u00a0J\u2019ai crois\u00e9 mes voisins en costume d\u2019\u00e9poque\u00a0\u00bb\u00a0: \u00e0 Paris, les tournages de cin\u00e9ma s\u2019invitent aussi dans les appartements"},"content":{"rendered":"<p class=\"paragraph text_align_left lp-f-body-02\">\u00ab Action ! (\u2026) Coupez ! \u00bb Les mythiques phrases r\u00e9sonnent dans la cour de cet immeuble du <a href=\"https:\/\/www.leparisien.fr\/paris-75\/paris-75020\/\" target=\"_self\" rel=\"nofollow noopener\">XXe arrondissement<\/a> de la capitale, qui accueille en ce d\u00e9but du mois d\u2019ao\u00fbt, pendant toute une semaine, une \u00e9quipe de tournage. Des dizaines de figurants attendent, dans des costumes du d\u00e9but du XXe si\u00e8cle, les instructions du staff, micros-casques viss\u00e9s sur les t\u00eates. Tout autour, aux fen\u00eatres, dans les \u00e9tages, des t\u00eates curieuses se penchent pour observer l\u2019inhabituelle agitation matinale.<\/p>\n<p class=\"paragraph text_align_left lp-f-body-02\">\u00ab Ce n\u2019est pas la premi\u00e8re fois qu\u2019il y a des tournages ici, mais l\u00e0, une semaine, c\u2019est long \u00bb, souffle Michel (le pr\u00e9nom a \u00e9t\u00e9 chang\u00e9), propri\u00e9taire d\u2019un appartement dans cet immeuble depuis plus de dix ans. Il quittera Paris dans quelques heures pour y \u00e9chapper. \u00ab \u00c7a fait trop de bruit et il y a un monde fou \u00bb, grogne-t-il.<\/p>\n","protected":false},"excerpt":{"rendered":"\u00ab Action ! (\u2026) Coupez ! \u00bb Les mythiques phrases r\u00e9sonnent dans la cour de cet immeuble du&hellip;\n","protected":false},"author":2,"featured_media":324527,"comment_status":"","ping_status":"","sticky":false,"template":"","format":"standard","meta":{"footnotes":""},"categories":[1888],"tags":[11,1777,674,1011,27,1116,1944,12,626,25],"class_list":{"0":"post-324526","1":"post","2":"type-post","3":"status-publish","4":"format-standard","5":"has-post-thumbnail","7":"category-paris","8":"tag-actualites","9":"tag-eu","10":"tag-europe","11":"tag-fr","12":"tag-france","13":"tag-immobilier","14":"tag-ma-ville","15":"tag-news","16":"tag-paris","17":"tag-republique-francaise"},"share_on_mastodon":{"url":"https:\/\/pubeurope.com\/@fr\/115043197499494878","error":""},"_links":{"self":[{"href":"https:\/\/www.europesays.com\/fr\/wp-json\/wp\/v2\/posts\/324526","targetHints":{"allow":["GET"]}}],"collection":[{"href":"https:\/\/www.europesays.com\/fr\/wp-json\/wp\/v2\/posts"}],"about":[{"href":"https:\/\/www.europesays.com\/fr\/wp-json\/wp\/v2\/types\/post"}],"author":[{"embeddable":true,"href":"https:\/\/www.europesays.com\/fr\/wp-json\/wp\/v2\/users\/2"}],"replies":[{"embeddable":true,"href":"https:\/\/www.europesays.com\/fr\/wp-json\/wp\/v2\/comments?post=324526"}],"version-history":[{"count":0,"href":"https:\/\/www.europesays.com\/fr\/wp-json\/wp\/v2\/posts\/324526\/revisions"}],"wp:featuredmedia":[{"embeddable":true,"href":"https:\/\/www.europesays.com\/fr\/wp-json\/wp\/v2\/media\/324527"}],"wp:attachment":[{"href":"https:\/\/www.europesays.com\/fr\/wp-json\/wp\/v2\/media?parent=324526"}],"wp:term":[{"taxonomy":"category","embeddable":true,"href":"https:\/\/www.europesays.com\/fr\/wp-json\/wp\/v2\/categories?post=324526"},{"taxonomy":"post_tag","embeddable":true,"href":"https:\/\/www.europesays.com\/fr\/wp-json\/wp\/v2\/tags?post=324526"}],"curies":[{"name":"wp","href":"https:\/\/api.w.org\/{rel}","templated":true}]}}