{"id":324530,"date":"2025-08-17T08:39:11","date_gmt":"2025-08-17T08:39:11","guid":{"rendered":"https:\/\/www.europesays.com\/fr\/324530\/"},"modified":"2025-08-17T08:39:11","modified_gmt":"2025-08-17T08:39:11","slug":"mort-dune-ex-candidate-a-miss-univers-a-lage-de-30-ans-les-causes-de-son-deces-revelees-et-cest-pour-le-moins-insolite","status":"publish","type":"post","link":"https:\/\/www.europesays.com\/fr\/324530\/","title":{"rendered":"Mort d&rsquo;une ex-candidate \u00e0 Miss Univers \u00e0 l&rsquo;\u00e2ge de 30 ans : les causes de son d\u00e9c\u00e8s r\u00e9v\u00e9l\u00e9es et c&rsquo;est pour le moins insolite"},"content":{"rendered":"<p data-start=\"185\" data-end=\"585\">C\u2019est une perte tragique qui<br \/>\nsecoue l\u2019univers des concours de beaut\u00e9. <a href=\"https:\/\/www.closermag.fr\/people\/mort-soudaine-dune-miss-elle-venait-tout-juste-de-se-marier-mystere-autour-de-la-cause-du-deces-3571271\" target=\"_blank\" rel=\"noopener\"><br \/>\nKseniya Alexandrova<\/a> repr\u00e9sentait la Russie \u00e0 Miss Univers 2017.<br \/>\nElle est d\u00e9c\u00e9d\u00e9e le 12 ao\u00fbt, comme l\u2019ont relay\u00e9 les r\u00e9seaux<br \/>\nsociaux. Selon le compte certifi\u00e9 Missosology, les causes de sa<br \/>\nmort restent \u00e0 ce jour inconnues. Le concours Miss Univers a<br \/>\npartag\u00e9 la nouvelle avec les internautes sur son compte Instagram<br \/>\nofficiel.<\/p>\n<p data-start=\"587\" data-end=\"1170\">Dans un communiqu\u00e9,<br \/>\nl\u2019organisation a tenu \u00e0 rendre hommage \u00e0 la jeune femme :<br \/>\n\u00ab\u00a0L&rsquo;organisation Miss Univers pr\u00e9sente ses plus sinc\u00e8res<br \/>\ncondol\u00e9ances \u00e0 la famille, aux amis et \u00e0 tous ceux dont la vie a<br \/>\n\u00e9t\u00e9 touch\u00e9e par la lumi\u00e8re de Miss Univers Russie 2017, Kseniya<br \/>\nAlexandrova. Sa gr\u00e2ce, sa beaut\u00e9 et son esprit ont laiss\u00e9 une<br \/>\nmarque inoubliable sur la famille Miss Univers et au-del\u00e0. Que sa<br \/>\nm\u00e9moire continue d&rsquo;inspirer la bont\u00e9, la force et l&rsquo;amour chez tous<br \/>\nceux qui ont eu la chance de la conna\u00eetre\u00a0\u00bb. Lors du concours<br \/>\nde 2017, Kseniya Alexandrova n\u2019avait pas atteint le top 16.<\/p>\n<p>L&rsquo;ancienne Miss succombe apr\u00e8s<br \/>\nune collision avec un \u00e9lan<\/p>\n<p>Kseniya Alexandrova, mannequin et ancienne candidate \u00e0 <a href=\"https:\/\/www.closermag.fr\/tv_tele_realite\/miss-monde-2025-bilan-mitige-pour-le-clan-francais-agathe-cauet-decevante-la-martiniquaise-aurelie-joachim-dans-le-top-5-3550358\" target=\"_blank\" rel=\"noopener\"><br \/>\nMiss Univers<\/a>, est d\u00e9c\u00e9d\u00e9e \u00e0 30 ans. L\u2019accident a eu lieu en<br \/>\njuillet dans l\u2019oblast de Tver, en Russie. Alors qu\u2019elle \u00e9tait<br \/>\nassise sur le si\u00e8ge passager, un <strong>\u00e9lan<\/strong> a soudain<br \/>\nsurgi sur la route et a percut\u00e9 leur voiture.<\/p>\n<p data-start=\"177\" data-end=\"911\">\u00ab\u00a0<strong>Du moment o\u00f9 il a<br \/>\nsaut\u00e9 jusqu\u2019\u00e0 l\u2019impact, ce fut une fraction de seconde. Je n\u2019ai<br \/>\nrien eu le temps de faire<\/strong>\u00ab\u00a0, a relat\u00e9 son \u00e9poux \u00e0<br \/>\nRossiyskaya Gazeta. Les secours ont transport\u00e9 Alexandrova,<br \/>\ngravement bless\u00e9e au <strong>cerveau<\/strong>, \u00e0 l\u2019h\u00f4pital de<br \/>\nMoscou, o\u00f9 elle est d\u00e9c\u00e9d\u00e9e le 12 ao\u00fbt des suites de ses blessures.<br \/>\nDes t\u00e9moins et les services d\u2019urgence \u00e9taient rapidement intervenus<br \/>\nsur les lieux de l\u2019accident.<\/p>\n<p>Une vie<br \/>\nriche et inspirante<\/p>\n<p data-start=\"960\" data-end=\"1786\">Kseniya Alexandrova avait<br \/>\n\u00e9pous\u00e9 son mari seulement quatre mois avant le drame. Elle avait<br \/>\nrepr\u00e9sent\u00e9 la <a href=\"https:\/\/www.closermag.fr\/politique\/francois-hollande-simmisce-entre-donald-trump-et-vladimir-poutine-et-ca-a-le-merite-detre-tranchant-3570879\" target=\"_blank\" rel=\"noopener\"><br \/>\nRussie<\/a> au concours Miss Univers 2017. La m\u00eame ann\u00e9e, elle avait<br \/>\n\u00e9t\u00e9 <strong>premi\u00e8re dauphine<\/strong> de Miss Russie. Titulaire<br \/>\nd\u2019un dipl\u00f4me en psychologie de l\u2019Universit\u00e9 p\u00e9dagogique d\u2019\u00c9tat de<br \/>\n<a href=\"https:\/\/www.closermag.fr\/politique\/vladimir-poutine-sa-maitresse-cachee-en-suisse-reapparait-a-moscou-son-visage-est-meconnaissable-1557568#item=1\" target=\"_blank\" rel=\"noopener\"><br \/>\nMoscou<\/a>, elle exer\u00e7ait \u00e9galement comme<br \/>\n<strong>psychologue<\/strong>.<\/p>\n<p data-start=\"960\" data-end=\"1786\">Son agence, Modus Vivendis, a<br \/>\nconfirm\u00e9 son d\u00e9c\u00e8s dans un communiqu\u00e9 publi\u00e9 le 13 ao\u00fbt sur<br \/>\nInstagram : \u00ab\u00a0Kseniya \u00e9tait brillante et talentueuse. Elle<br \/>\nsavait <strong>inspirer, soutenir et apporter chaleur \u00e0 tous ceux<br \/>\nqui l\u2019entouraient<\/strong>. Pour nous, elle restera \u00e0 jamais un<br \/>\nsymbole de beaut\u00e9, de gentillesse et de force int\u00e9rieure\u00a0\u00bb.<br \/>\nL\u2019agence a conclu en exprimant ses plus sinc\u00e8res condol\u00e9ances \u00e0 sa<br \/>\nfamille, ses amis et tous ceux qui ont eu la chance de la<br \/>\nconna\u00eetre.<\/p>\n","protected":false},"excerpt":{"rendered":"C\u2019est une perte tragique qui secoue l\u2019univers des concours de beaut\u00e9. Kseniya Alexandrova repr\u00e9sentait la Russie \u00e0 Miss&hellip;\n","protected":false},"author":2,"featured_media":324531,"comment_status":"","ping_status":"","sticky":false,"template":"","format":"standard","meta":{"footnotes":""},"categories":[1591],"tags":[11,548,1887,30091,12,1885,1886,132],"class_list":{"0":"post-324530","1":"post","2":"type-post","3":"status-publish","4":"format-standard","5":"has-post-thumbnail","7":"category-russie","8":"tag-actualites","9":"tag-article-simple","10":"tag-federation-de-russie","11":"tag-miss-univers","12":"tag-news","13":"tag-russia","14":"tag-russian-federation","15":"tag-russie"},"share_on_mastodon":{"url":"https:\/\/pubeurope.com\/@fr\/115043209318881510","error":""},"_links":{"self":[{"href":"https:\/\/www.europesays.com\/fr\/wp-json\/wp\/v2\/posts\/324530","targetHints":{"allow":["GET"]}}],"collection":[{"href":"https:\/\/www.europesays.com\/fr\/wp-json\/wp\/v2\/posts"}],"about":[{"href":"https:\/\/www.europesays.com\/fr\/wp-json\/wp\/v2\/types\/post"}],"author":[{"embeddable":true,"href":"https:\/\/www.europesays.com\/fr\/wp-json\/wp\/v2\/users\/2"}],"replies":[{"embeddable":true,"href":"https:\/\/www.europesays.com\/fr\/wp-json\/wp\/v2\/comments?post=324530"}],"version-history":[{"count":0,"href":"https:\/\/www.europesays.com\/fr\/wp-json\/wp\/v2\/posts\/324530\/revisions"}],"wp:featuredmedia":[{"embeddable":true,"href":"https:\/\/www.europesays.com\/fr\/wp-json\/wp\/v2\/media\/324531"}],"wp:attachment":[{"href":"https:\/\/www.europesays.com\/fr\/wp-json\/wp\/v2\/media?parent=324530"}],"wp:term":[{"taxonomy":"category","embeddable":true,"href":"https:\/\/www.europesays.com\/fr\/wp-json\/wp\/v2\/categories?post=324530"},{"taxonomy":"post_tag","embeddable":true,"href":"https:\/\/www.europesays.com\/fr\/wp-json\/wp\/v2\/tags?post=324530"}],"curies":[{"name":"wp","href":"https:\/\/api.w.org\/{rel}","templated":true}]}}