{"id":324534,"date":"2025-08-17T08:41:13","date_gmt":"2025-08-17T08:41:13","guid":{"rendered":"https:\/\/www.europesays.com\/fr\/324534\/"},"modified":"2025-08-17T08:41:13","modified_gmt":"2025-08-17T08:41:13","slug":"importer-plus-de-viande-de-boeuf-pour-seduire-les-americains-lidee-de-ludc-peine-a-convaincre","status":"publish","type":"post","link":"https:\/\/www.europesays.com\/fr\/324534\/","title":{"rendered":"Importer plus de viande de b\u0153uf pour s\u00e9duire les Am\u00e9ricains? L\u2019id\u00e9e de l\u2019UDC peine \u00e0 convaincre"},"content":{"rendered":"<p>    R\u00e9sum\u00e9 en 20 secondes<\/p>\n<p>        En savoir plus sur ce type de contenu<\/p>\n<p>Ce r\u00e9sum\u00e9 peut avoir \u00e9t\u00e9 \u00e9crit avec l&rsquo;assistance d\u2019une IA g\u00e9n\u00e9rative. <a href=\"https:\/\/www.letemps.ch\/cyber\/l-usage-de-l-ia-generative-par-les-journalistes-du-temps\" target=\"_blank\" rel=\"noopener\">En savoir plus<\/a><\/p>\n<p class=\"article__abstract-call-to-action\" data-ariato=\"TrackableElement\" data-trackable-element-type=\"article_abstract_cta\" data-trackable-element-location=\"article_header\" data-trackable-element-id=\"503253\">\n        <a data-event=\"click-&gt;clicked\" href=\"https:\/\/www.letemps.ch\/abonnements\" target=\"_blank\" rel=\"noopener\">Abonnez-vous<\/a> pour acc\u00e9der au r\u00e9sum\u00e9 en 20 secondes.\n      <\/p>\n<p>\u00abThey hate our beef because our beef is beautiful. And theirs is weak\u00bb (\u00abIls d\u00e9testent notre b\u0153uf car il est beau. Le leur est faible\u00bb): tir\u00e9e d\u2019un entretien donn\u00e9 en avril par Howard Lutnick, le secr\u00e9taire d\u2019Etat am\u00e9ricain au commerce, la phrase illustre parfaitement la ranc\u0153ur des autorit\u00e9s am\u00e9ricaines face au manque d\u2019int\u00e9r\u00eat de l\u2019Europe pour leur viande, en particulier celle trait\u00e9e aux hormones.<\/p>\n<p>Si l\u2019Union europ\u00e9enne a renonc\u00e9 depuis 1989 \u00e0 importer de la viande aux hormones, la Suisse l\u2019autorise, \u00e0 condition qu\u2019elle soit \u00e9tiquet\u00e9e. Selon les chiffres de l\u2019Office f\u00e9d\u00e9ral de la douane, en 2024, la Suisse a import\u00e9 125 tonnes de b\u0153uf am\u00e9ricain trait\u00e9 aux hormones, sur un total de 262 dans le cadre du contingent tarifaire. De petites quantit\u00e9s ont pu \u00eatre import\u00e9es en dehors de ce contingent, raison pour laquelle les chiffres de l\u2019interprofession de la fili\u00e8re de la viande, Proviande, diff\u00e8rent l\u00e9g\u00e8rement. Ils confirment toutefois le peu d\u2019int\u00e9r\u00eat des consommateurs suisses pour le steak am\u00e9ricain, trait\u00e9 ou non: Proviande compte 284 tonnes brutes import\u00e9es des Etats-Unis en 2024, contre 6593 depuis l\u2019Autriche ou 5488 depuis l\u2019Allemagne. A noter que la majorit\u00e9 de la viande consomm\u00e9e en Suisse est d\u2019origine indig\u00e8ne (environ 80% selon Proviande).<\/p>\n","protected":false},"excerpt":{"rendered":"R\u00e9sum\u00e9 en 20 secondes En savoir plus sur ce type de contenu Ce r\u00e9sum\u00e9 peut avoir \u00e9t\u00e9 \u00e9crit&hellip;\n","protected":false},"author":2,"featured_media":324535,"comment_status":"","ping_status":"","sticky":false,"template":"","format":"standard","meta":{"footnotes":""},"categories":[1589],"tags":[11,327,73,1866,1074,12,301,1864,1865,1863,308],"class_list":{"0":"post-324534","1":"post","2":"type-post","3":"status-publish","4":"format-standard","5":"has-post-thumbnail","7":"category-etats-unis","8":"tag-actualites","9":"tag-agriculture","10":"tag-etats-unis","11":"tag-etats-unis-damerique","12":"tag-guerre-commerciale","13":"tag-news","14":"tag-premium","15":"tag-united-states","16":"tag-united-states-of-america","17":"tag-us","18":"tag-usa"},"share_on_mastodon":{"url":"https:\/\/pubeurope.com\/@fr\/115043217193030639","error":""},"_links":{"self":[{"href":"https:\/\/www.europesays.com\/fr\/wp-json\/wp\/v2\/posts\/324534","targetHints":{"allow":["GET"]}}],"collection":[{"href":"https:\/\/www.europesays.com\/fr\/wp-json\/wp\/v2\/posts"}],"about":[{"href":"https:\/\/www.europesays.com\/fr\/wp-json\/wp\/v2\/types\/post"}],"author":[{"embeddable":true,"href":"https:\/\/www.europesays.com\/fr\/wp-json\/wp\/v2\/users\/2"}],"replies":[{"embeddable":true,"href":"https:\/\/www.europesays.com\/fr\/wp-json\/wp\/v2\/comments?post=324534"}],"version-history":[{"count":0,"href":"https:\/\/www.europesays.com\/fr\/wp-json\/wp\/v2\/posts\/324534\/revisions"}],"wp:featuredmedia":[{"embeddable":true,"href":"https:\/\/www.europesays.com\/fr\/wp-json\/wp\/v2\/media\/324535"}],"wp:attachment":[{"href":"https:\/\/www.europesays.com\/fr\/wp-json\/wp\/v2\/media?parent=324534"}],"wp:term":[{"taxonomy":"category","embeddable":true,"href":"https:\/\/www.europesays.com\/fr\/wp-json\/wp\/v2\/categories?post=324534"},{"taxonomy":"post_tag","embeddable":true,"href":"https:\/\/www.europesays.com\/fr\/wp-json\/wp\/v2\/tags?post=324534"}],"curies":[{"name":"wp","href":"https:\/\/api.w.org\/{rel}","templated":true}]}}