{"id":324538,"date":"2025-08-17T08:44:23","date_gmt":"2025-08-17T08:44:23","guid":{"rendered":"https:\/\/www.europesays.com\/fr\/324538\/"},"modified":"2025-08-17T08:44:23","modified_gmt":"2025-08-17T08:44:23","slug":"premier-dialogue-franco-allemand-de-lindustrie-sur-lia-a-ambassade-de-france-en-allemagne","status":"publish","type":"post","link":"https:\/\/www.europesays.com\/fr\/324538\/","title":{"rendered":"Premier Dialogue franco-allemand de l\u2019industrie sur l\u2019IA \u00e0 Ambassade de France en Allemagne"},"content":{"rendered":"<p>Le SER de Berlin, avec le service de coop\u00e9ration scientifique de l\u2019Ambassade, a organis\u00e9 \u00e0 l\u2019Ambassade de France \u00e0 Berlin, le premier dialogue franco-allemand de l\u2019industrie et de la recherche sur l\u2019IA en partenariat avec la Fraunhofer-Gesellschaft et le soutien de l\u2019INRIA le vendredi 24 janvier 2025. Introduit par l\u2019Ambassadeur de France en Allemagne, cet \u00e9v\u00e8nement a r\u00e9uni des dirigeants de l\u2019industrie, de l\u2019innovation et de la recherche fran\u00e7ais et allemands, en pr\u00e9sence des administrations des deux pays et de la Commission europ\u00e9enne.<\/p>\n<p>Dans un contexte de n\u00e9cessit\u00e9 de renforcer la comp\u00e9titivit\u00e9 et souverainet\u00e9 technologiques europ\u00e9ennes et \u00e0 l\u2019approche du Sommet pour l\u2019Action sur l\u2019IA, cet \u00e9v\u00e9nement a permis d\u2019\u00e9changer en format Chatham House sur les priorit\u00e9s communes strat\u00e9giques en mati\u00e8re d\u2019IA dans le domaine industriel et de la recherche, ainsi que sur les actions concr\u00e8tes pouvant \u00eatre men\u00e9es par les participants pour renforcer et promouvoir l\u2019IA europ\u00e9enne. Ceux-ci se sont montr\u00e9s r\u00e9solus \u00e0 travailler ensemble dans l\u2019optique notamment d\u2019\u00e9tablir une feuille de route industrielle franco-allemande de l\u2019IA. Les conclusions de cette r\u00e9union \u00ab\u00a0call for action\u00a0\u2013 cf PJ\u00bb\u00a0 seront port\u00e9es par les participants allemands invit\u00e9s au Sommet de l\u2019Action pour l\u2019IA et viendront nourrir l\u2019agenda europ\u00e9en de l\u2019IA.<\/p>\n","protected":false},"excerpt":{"rendered":"Le SER de Berlin, avec le service de coop\u00e9ration scientifique de l\u2019Ambassade, a organis\u00e9 \u00e0 l\u2019Ambassade de France&hellip;\n","protected":false},"author":2,"featured_media":324539,"comment_status":"","ping_status":"","sticky":false,"template":"","format":"standard","meta":{"footnotes":""},"categories":[1587],"tags":[11,672,1804,1805,1803,1777,674,1801,12,1802],"class_list":{"0":"post-324538","1":"post","2":"type-post","3":"status-publish","4":"format-standard","5":"has-post-thumbnail","7":"category-allemagne","8":"tag-actualites","9":"tag-allemagne","10":"tag-bundesrepublik-deutschland","11":"tag-de","12":"tag-deutschland","13":"tag-eu","14":"tag-europe","15":"tag-germany","16":"tag-news","17":"tag-republique-federale-dallemagne"},"share_on_mastodon":{"url":"https:\/\/pubeurope.com\/@fr\/115043228900560842","error":""},"_links":{"self":[{"href":"https:\/\/www.europesays.com\/fr\/wp-json\/wp\/v2\/posts\/324538","targetHints":{"allow":["GET"]}}],"collection":[{"href":"https:\/\/www.europesays.com\/fr\/wp-json\/wp\/v2\/posts"}],"about":[{"href":"https:\/\/www.europesays.com\/fr\/wp-json\/wp\/v2\/types\/post"}],"author":[{"embeddable":true,"href":"https:\/\/www.europesays.com\/fr\/wp-json\/wp\/v2\/users\/2"}],"replies":[{"embeddable":true,"href":"https:\/\/www.europesays.com\/fr\/wp-json\/wp\/v2\/comments?post=324538"}],"version-history":[{"count":0,"href":"https:\/\/www.europesays.com\/fr\/wp-json\/wp\/v2\/posts\/324538\/revisions"}],"wp:featuredmedia":[{"embeddable":true,"href":"https:\/\/www.europesays.com\/fr\/wp-json\/wp\/v2\/media\/324539"}],"wp:attachment":[{"href":"https:\/\/www.europesays.com\/fr\/wp-json\/wp\/v2\/media?parent=324538"}],"wp:term":[{"taxonomy":"category","embeddable":true,"href":"https:\/\/www.europesays.com\/fr\/wp-json\/wp\/v2\/categories?post=324538"},{"taxonomy":"post_tag","embeddable":true,"href":"https:\/\/www.europesays.com\/fr\/wp-json\/wp\/v2\/tags?post=324538"}],"curies":[{"name":"wp","href":"https:\/\/api.w.org\/{rel}","templated":true}]}}