{"id":324550,"date":"2025-08-17T08:53:12","date_gmt":"2025-08-17T08:53:12","guid":{"rendered":"https:\/\/www.europesays.com\/fr\/324550\/"},"modified":"2025-08-17T08:53:12","modified_gmt":"2025-08-17T08:53:12","slug":"perrine-delacour-aux-portes-du-top-10-akie-iwai-nouvelle-leader-lequipe","status":"publish","type":"post","link":"https:\/\/www.europesays.com\/fr\/324550\/","title":{"rendered":"Perrine Delacour aux portes du top 10, Akie Iwai nouvelle leader &#8211; L&#039;\u00c9quipe"},"content":{"rendered":"<ol>\n<li><a href=\"https:\/\/news.google.com\/rss\/articles\/CBMirwFBVV95cUxNR09HVWVyMHlhaVNwVS14NnNnMGxGTnNiS3NBTDEzaUFsUVBnMnhmOFJRcUFEV1ZJbHVFc1ZEOEd5aXBXMzctWWdLTEVUT0V1N3d5UDhKdjNzVUN5b3ZUQlJnRzFBLUpMRWlnQ2R0RUlzWHFhQ3hTVmhDMENjWkJXOVIyRlZlSldrUUlGcThWZU43aUpFbGJ6TUdEa1NHZTUwNkt6T2Rnd3NXWGhBcmFJ?oc=5\" target=\"_blank\" rel=\"nofollow noopener\">Perrine Delacour aux portes du top 10, Akie Iwai nouvelle leader<\/a>&nbsp;&nbsp;L&rsquo;\u00c9quipe<\/li>\n<li><a href=\"https:\/\/news.google.com\/rss\/articles\/CBMimwFBVV95cUxNNTAzeTVFbnhkVWoteUR5SkthOVRzalJ0aGNJN0g0Zjh4cnctQVBmYXZBUFJnZTcycm9EeEhWQ3l5S0x6NXZRX2pXaFh2NW9SalBfdmFaeXV6S0J2SVEwNHFQYl9JWUgweWJHbmdIaGVSRGZ3UmpaTGo0LXBCdlV2M0tReUZkckxsbGxtS2puSlZEU2hrTXhuWkhHZw?oc=5\" target=\"_blank\" rel=\"nofollow noopener\">Delacour et Boutier dans le bon wagon, Iwai sur un nuage<\/a>&nbsp;&nbsp;Golf Plan\u00e8te<\/li>\n<li><a href=\"https:\/\/news.google.com\/rss\/articles\/CBMihgJBVV95cUxOQ3lSNW9ldndBX0EtcDdRR3daMWJFYWQtbGdXbVgxWm1ZTW5FaDE1UXZVY3FkSDhzY1BvMjFURjhyU3pEM1dVTlhWeGFZVFNDZ0NjVTdBSHdJT1RBUE1Yd0p6LTVGNEJWTVMyc2NuVzBkRDVJV1Q4VjVOUjFsbFV3cEF0Sjl1M0c2NVQ4Mkg0WmxQRGJzZFo4WHdnZXBLbnNmMVlJcUR3azM3aHZ4SmJtbnFfNU1CNTBheWw5bWpEUlpkaUYxcXBROG1kZ2dEYW92MzZHaGRSV2MtQm1VSzh0SWJUU3YyNDNoWEJNcW8wcktEenBOR0hWMjVwclAtYnpJRzU0TnFB?oc=5\" target=\"_blank\" rel=\"nofollow noopener\">Golf. LPGA Portland Classic (Tour 1): La jeune fran\u00e7aise Ad\u00e9la Cernousek en t\u00eate dans l\u2019Oregon<\/a>&nbsp;&nbsp;Ouest-France<\/li>\n<li><a href=\"https:\/\/news.google.com\/rss\/articles\/CBMinwFBVV95cUxOUllmMWdsVnVJemE5QmhSUlRHNHpZVVZxTHlQVDlWLS1EUEZNUU1fQy1fOEx3UTZ1T3JNRnVrd3Nsc1R1VWVpa0hJSHowVEswdlhRX1JkNmNjZUdBOHd6eERPSnR0WXlDeUJyb0xDNnlyamluUktWcWRfZEhBWTQzLXpCUzZYdVcxbGktcFZPdDU1Z2poMDdFdnFMXzZUX3M?oc=5\" target=\"_blank\" rel=\"nofollow noopener\">Golf professionnel : Delacour maintient son rythme<\/a>&nbsp;&nbsp;F\u00e9d\u00e9ration fran\u00e7aise de golf (ffgolf)<\/li>\n<li><a href=\"https:\/\/news.google.com\/rss\/articles\/CBMixgFBVV95cUxQMDEwSmZFZUw4ZUtkRWRRbDhzVlVVdjh2T1BORmdqcGRnbGQzOGV1S2tvZ2pVLVY3ckxEazJDaE14Q3ExU1NGYlhtbUU0b0tZdmxFbVMwTkdFSTlNMlJlcXNPQWRlUXN1OERPX0txcWhTcGZIYjFUVy1yU3hJdzFqZnJBeWczY1hjenpjZUZKbkVOSEhxbllqNmJrSEFLRE5rc09yYVhpRGRHR2FfamtfZ1VrYnVrQ205blNQWjBUZ0FkNS02RHc?oc=5\" target=\"_blank\" rel=\"nofollow noopener\">Brooke Henderson se ressaisit lors de la troisi\u00e8me ronde \u00e0 Portland<\/a>&nbsp;&nbsp;MSN<\/li>\n<\/ol>\n","protected":false},"excerpt":{"rendered":"Perrine Delacour aux portes du top 10, Akie Iwai nouvelle leader&nbsp;&nbsp;L&rsquo;\u00c9quipe Delacour et Boutier dans le bon wagon,&hellip;\n","protected":false},"author":2,"featured_media":324551,"comment_status":"","ping_status":"","sticky":false,"template":"","format":"standard","meta":{"footnotes":""},"categories":[1418],"tags":[1011,27,1472,60],"class_list":{"0":"post-324550","1":"post","2":"type-post","3":"status-publish","4":"format-standard","5":"has-post-thumbnail","7":"category-golf","8":"tag-fr","9":"tag-france","10":"tag-golf","11":"tag-sports"},"share_on_mastodon":{"url":"https:\/\/pubeurope.com\/@fr\/115043264295252100","error":""},"_links":{"self":[{"href":"https:\/\/www.europesays.com\/fr\/wp-json\/wp\/v2\/posts\/324550","targetHints":{"allow":["GET"]}}],"collection":[{"href":"https:\/\/www.europesays.com\/fr\/wp-json\/wp\/v2\/posts"}],"about":[{"href":"https:\/\/www.europesays.com\/fr\/wp-json\/wp\/v2\/types\/post"}],"author":[{"embeddable":true,"href":"https:\/\/www.europesays.com\/fr\/wp-json\/wp\/v2\/users\/2"}],"replies":[{"embeddable":true,"href":"https:\/\/www.europesays.com\/fr\/wp-json\/wp\/v2\/comments?post=324550"}],"version-history":[{"count":0,"href":"https:\/\/www.europesays.com\/fr\/wp-json\/wp\/v2\/posts\/324550\/revisions"}],"wp:featuredmedia":[{"embeddable":true,"href":"https:\/\/www.europesays.com\/fr\/wp-json\/wp\/v2\/media\/324551"}],"wp:attachment":[{"href":"https:\/\/www.europesays.com\/fr\/wp-json\/wp\/v2\/media?parent=324550"}],"wp:term":[{"taxonomy":"category","embeddable":true,"href":"https:\/\/www.europesays.com\/fr\/wp-json\/wp\/v2\/categories?post=324550"},{"taxonomy":"post_tag","embeddable":true,"href":"https:\/\/www.europesays.com\/fr\/wp-json\/wp\/v2\/tags?post=324550"}],"curies":[{"name":"wp","href":"https:\/\/api.w.org\/{rel}","templated":true}]}}